{"id":1959,"date":"2023-04-29T11:37:08","date_gmt":"2023-04-29T14:37:08","guid":{"rendered":"http:\/\/hdpnoticias.com.ar\/?p=1959"},"modified":"2023-04-29T15:57:12","modified_gmt":"2023-04-29T18:57:12","slug":"las-joyas-de-la-abuela","status":"publish","type":"post","link":"https:\/\/hdpnoticias.com.ar\/?p=1959","title":{"rendered":"Las joyas de la abuela"},"content":{"rendered":"\n<p>Por Dar\u00edo Zarco |<\/p>\n\n\n\n<p>Es conocida la afici\u00f3n de Cristina por los bolsos. Cuanto m\u00e1s costosos, mejor. Como dir\u00eda ella: \u201cNo es adjetivo, es descripci\u00f3n\u201d.<\/p>\n\n\n\n<p>El jueves volvi\u00f3 a mostrarse en p\u00fablico. Encabez\u00f3 un acto para dirigentes y militantes kirchneristas, cristinistas de pedigr\u00ed, en el Teatro Argentino de La Plata.<\/p>\n\n\n\n<p>Fue para evocar las elecciones de 2003, que gan\u00f3 Carlos Menem pero que al renunciar a la segunda vuelta puso en la Presidencia de la Naci\u00f3n a N\u00e9stor Kirchner.<\/p>\n\n\n\n<p>En otro cap\u00edtulo de revisionismo hist\u00f3rico critic\u00f3 la convertibilidad que abraz\u00f3 durante la d\u00e9cada menemista, y le traz\u00f3 parentescos con la dolarizaci\u00f3n que propone un sector de la oposici\u00f3n. Culp\u00f3 al resto por la inflaci\u00f3n y se desentendi\u00f3 del Gobierno que encabeza con Alberto Fern\u00e1ndez, el tipo que recomend\u00f3 como salvador hace 4 a\u00f1os.<\/p>\n\n\n\n<p>\u201cTengo miedo que mis nietos tengan que vivir en un pa\u00eds injusto y desigual\u201d, dijo para asustar a todos frente al riesgo de una derrota electoral. En esa parte del discurso deb\u00eda llorar, pero no pudo.<\/p>\n\n\n\n<p>Los ni\u00f1os deber\u00edan saber que en este pa\u00eds injusto y desigual, su abuelo fue intendente, gobernador y 4 a\u00f1os presidente. Y que su abuela fue diputada provincial, diputada nacional, convencional constituyente, senadora, 8 a\u00f1os presidente y 4 a\u00f1os vice. Y que ambos fueron ponderados como \u201cestadistas\u201d y popes de la clase pol\u00edtica, l\u00edderes de un proyecto nacional y popular y, sin embargo y evidentemente, no pudieron revertir las cosas.<\/p>\n\n\n\n<p>Tan es as\u00ed que en este pa\u00eds hay jubilados y pensionados que nunca ganaron ni para los remedios, mientras otros, como ella, amarrocan un mont\u00f3n de millones de sueldo de privilegio por su paso por la funci\u00f3n p\u00fablica que sigue transitando.<\/p>\n\n\n\n<p>Entre tanta desigualdad, interpret\u00f3 que el capitalismo ya no es lo que era. Que ya no es una ideolog\u00eda sino la b\u00fasqueda del modo de producci\u00f3n m\u00e1s eficiente, y que el Estado deber\u00eda agarrar la br\u00fajula de ese proceso. Ergo: un giro discursivo de 180\u00b0.<\/p>\n\n\n\n<p>Y lo ilustr\u00f3 con la visi\u00f3n del hombre m\u00e1s rico del mundo: Bernard \u201cArtual\u201d (Arnault), \u201cun franc\u00e9s due\u00f1o de Gucci, Cristian Dior\u2026 de todas las marcas de lujo, que le vente a los ricos\u201d.<\/p>\n\n\n\n<p>Cuando comenz\u00f3 la pandemia Arnault, due\u00f1o de LVMH (Louis Vuitton Mo\u00ebt Hennessy) ten\u00eda una fortuna de 76 mil millones de d\u00f3lares y en 3 a\u00f1os la triplic\u00f3.<\/p>\n\n\n\n<p>Todos queremos ser como \u00e9l, pero ella lo puso como mal ejemplo: \u201cEsto significa una modificaci\u00f3n y una profundizaci\u00f3n de la concentraci\u00f3n del ingreso. Nada bueno puede salir de eso finalmente\u201d, dijo, ignorando al vulgo convencido de que \u201cel que le roba al ladr\u00f3n tiene 100 a\u00f1os de perd\u00f3n\u201d.<\/p>\n\n\n\n<p>Se entiende la bronca: reconoce unos cuantos d\u00f3lares suyos en la monta\u00f1a que levant\u00f3 \u201cArtual\u201d, el vendedor de los bolsos que le gustan, con los que se luci\u00f3 en giras internacionales durante su presidencia.<\/p>\n\n\n\n<p>Su estilo royal no es casual. Entre sus bolsos hay un Lady Dior, que fue estrenado por Diana de Gales cuando se llamaba \u201cChouchou\u201d y a\u00fan no hab\u00eda salido a la venta. Un obsequio de la entonces primera dama de Francia a la princesa en una visita a ese pa\u00eds en 1995.<\/p>\n\n\n\n<p>Poco despu\u00e9s Lady Di lo gast\u00f3 en un viaje a Argentina tras la reelecci\u00f3n de Carlos Menem. Baj\u00f3 del avi\u00f3n con \u00e9l y nunca lo solt\u00f3, mucho menos en el almuerzo con el Presidente en Olivos.<\/p>\n\n\n\n<p>Era tal su fanatismo por el bolsito que la marca decidi\u00f3 lanzarlo con su nombre. Desde entonces es un \u00edcono de la moda mundial. De piel de cordero, con una trama acolchada de dise\u00f1o y tecnolog\u00eda exclusivos, y las D, i, o y erre doradas colgando enhebradas en una manija que le dan ese toque.<\/p>\n\n\n\n<p>Una ricachona que se precie de tal deber\u00eda tener el suyo. Cristina lo tiene, aunque a diferencia de Diana que prefiri\u00f3 el peque\u00f1o, ella lo pidi\u00f3 large.<\/p>\n\n\n\n<p>A la hora del discurso de Cristina su Lady Dior costaba 5.700 euros, o 6.270 d\u00f3lares, o 3.100.000 pesos, o 2 toneladas y media de carne (para los que no imaginan tanta plata).<\/p>\n\n\n\n<p>Iv\u00e1n y Emilia, hijos de M\u00e1ximo, tienen 9 y 6 a\u00f1os; y Helena, hija de Florencia, 7. En un pa\u00eds tan desigual como \u00e9ste, a\u00fan si Cristina tuviera s\u00f3lo 3 carteras, vac\u00edas y todo, sus nietos tendr\u00edan el futuro asegurado. Por eso no llor\u00f3: no hay de qu\u00e9 temer.<\/p>\n","protected":false},"excerpt":{"rendered":"<p>Por Dar\u00edo Zarco | Es conocida la afici\u00f3n de Cristina por los bolsos. Cuanto m\u00e1s costosos, mejor. Como dir\u00eda ella: \u201cNo es adjetivo, es descripci\u00f3n\u201d. El jueves volvi\u00f3 a mostrarse en p\u00fablico. Encabez\u00f3 un acto para dirigentes y militantes kirchneristas, cristinistas de pedigr\u00ed, en el Teatro Argentino de La Plata. Fue para evocar las elecciones [&hellip;]<\/p>\n","protected":false},"author":1,"featured_media":1960,"comment_status":"open","ping_status":"open","sticky":false,"template":"","format":"standard","meta":{"footnotes":""},"categories":[2],"tags":[1390,453,1386,1388,1385,1263,1389,1387],"class_list":["post-1959","post","type-post","status-publish","format-standard","has-post-thumbnail","hentry","category-editorial","tag-arnault","tag-cristina","tag-cristinistas","tag-discurso","tag-kirchneristas","tag-la-plata","tag-maximo","tag-pedigri"],"_links":{"self":[{"href":"https:\/\/hdpnoticias.com.ar\/index.php?rest_route=\/wp\/v2\/posts\/1959","targetHints":{"allow":["GET"]}}],"collection":[{"href":"https:\/\/hdpnoticias.com.ar\/index.php?rest_route=\/wp\/v2\/posts"}],"about":[{"href":"https:\/\/hdpnoticias.com.ar\/index.php?rest_route=\/wp\/v2\/types\/post"}],"author":[{"embeddable":true,"href":"https:\/\/hdpnoticias.com.ar\/index.php?rest_route=\/wp\/v2\/users\/1"}],"replies":[{"embeddable":true,"href":"https:\/\/hdpnoticias.com.ar\/index.php?rest_route=%2Fwp%2Fv2%2Fcomments&post=1959"}],"version-history":[{"count":2,"href":"https:\/\/hdpnoticias.com.ar\/index.php?rest_route=\/wp\/v2\/posts\/1959\/revisions"}],"predecessor-version":[{"id":1968,"href":"https:\/\/hdpnoticias.com.ar\/index.php?rest_route=\/wp\/v2\/posts\/1959\/revisions\/1968"}],"wp:featuredmedia":[{"embeddable":true,"href":"https:\/\/hdpnoticias.com.ar\/index.php?rest_route=\/wp\/v2\/media\/1960"}],"wp:attachment":[{"href":"https:\/\/hdpnoticias.com.ar\/index.php?rest_route=%2Fwp%2Fv2%2Fmedia&parent=1959"}],"wp:term":[{"taxonomy":"category","embeddable":true,"href":"https:\/\/hdpnoticias.com.ar\/index.php?rest_route=%2Fwp%2Fv2%2Fcategories&post=1959"},{"taxonomy":"post_tag","embeddable":true,"href":"https:\/\/hdpnoticias.com.ar\/index.php?rest_route=%2Fwp%2Fv2%2Ftags&post=1959"}],"curies":[{"name":"wp","href":"https:\/\/api.w.org\/{rel}","templated":true}]}}