{"id":1933,"date":"2023-04-26T16:00:00","date_gmt":"2023-04-26T19:00:00","guid":{"rendered":"http:\/\/hdpnoticias.com.ar\/?p=1933"},"modified":"2023-04-26T17:45:12","modified_gmt":"2023-04-26T20:45:12","slug":"capitanich-veto-la-ley-que-limita-el-uso-de-celulares-a-los-presos","status":"publish","type":"post","link":"https:\/\/hdpnoticias.com.ar\/?p=1933","title":{"rendered":"Capitanich vet\u00f3 la ley que limita el uso de celulares a los presos"},"content":{"rendered":"\n<p>El 5 de abril la Legislatura vot\u00f3 por amplia mayor\u00eda una ley destinada a <strong><a href=\"http:\/\/hdpnoticias.com.ar\/?p=1618\" target=\"_blank\" rel=\"noreferrer noopener\">controlar el uso de tel\u00e9fonos y dispositivos m\u00f3viles por parte de los reclusos<\/a><\/strong> de todas las unidades de detenci\u00f3n en la provincia.<\/p>\n\n\n\n<p>La norma fue inspirada en la creciente ola de delitos de modalidad \u201cvirtual\u201d cometidos por detenidos desde las propias c\u00e1rceles en todo el pa\u00eds, incluidas alcaid\u00edas y comisar\u00edas chaque\u00f1as, desde secuestros virtuales hasta la administraci\u00f3n de bandas narcos.<\/p>\n\n\n\n<p>El proyecto, de autor\u00eda del radical Livio Guti\u00e9rrez, iba en el mismo sentido que uno similar presentado por el peronista Oscar Mateo Raff\u00edn en 2008 y que a\u00fan no hab\u00eda sido tratado.<\/p>\n\n\n\n<p>De acuerdo a la ley, el Ministerio de Seguridad y Justicia deber\u00eda instalar inhibidores de se\u00f1al para impedir las comunicaciones y contactos de Internet fuera del control del personal penitenciario, e instalar l\u00edneas fijas que alerten al interlocutor sobre el lugar de origen de la llamada.<\/p>\n\n\n\n<p>Para garantizar la comunicaci\u00f3n con familiares y la posibilidad de estudiar y sociabilizar telef\u00f3nicamente y a trav\u00e9s de las redes, el Servicio Penitenciario deber\u00eda disponer de conexi\u00f3n, aparatos y \u00e1mbitos acotados.<\/p>\n\n\n\n<p>Pero la ley fue recientemente vetada por el gobernador Jorge Capitanich, por considerar que restringe libertades de los detenidos y atenta contra sus derechos humanos.<\/p>\n\n\n\n<p>Adem\u00e1s, record\u00f3 que est\u00e1 vigente la resoluci\u00f3n del Ministerio de Seguridad y Justicia que <strong><a href=\"http:\/\/hdpnoticias.com.ar\/?p=1615\" target=\"_blank\" rel=\"noreferrer noopener\">autoriza a todos los detenidos a contar con tel\u00e9fonos y todo tipo de dispositivos m\u00f3viles<\/a><\/strong>, los que deben ser registrados por el personal a su ingreso a la instituci\u00f3n. Este registro, seg\u00fan su parecer, es suficiente control.<\/p>\n\n\n\n<p>Adem\u00e1s, expres\u00f3 que peri\u00f3dicamente se brindan capacitaciones a los presos sobre el buen uso de los aparatos de comunicaci\u00f3n y las sanciones previstas para quienes violen las normas o cometan delitos vali\u00e9ndose de ellos.<\/p>\n\n\n\n<p>El veto de Capitanich propone una nueva redacci\u00f3n dejando el control de las comunicaciones de los detenidos a la autoridad de aplicaci\u00f3n: el Ministerio de Seguridad, de acuerdo a la norma que autoriza el uso libre de tel\u00e9fonos celulares propios a los reclusos y manda proveerle aparatos a quienes no posean uno.<\/p>\n\n\n\n<p>Ahora la Legislatura tendr\u00e1 que aceptar o rechazar el veto con el voto de 2 tercios de los legisladores. La norma podr\u00eda ser ratificada, teniendo en cuenta que fue aprobada por 23 diputados, hubo 3 votos en contra y 2 abstenciones en una sesi\u00f3n de la que participaron 28 de los 32 integrantes del cuerpo.<\/p>\n","protected":false},"excerpt":{"rendered":"<p>El 5 de abril la Legislatura vot\u00f3 por amplia mayor\u00eda una ley destinada a controlar el uso de tel\u00e9fonos y dispositivos m\u00f3viles por parte de los reclusos de todas las unidades de detenci\u00f3n en la provincia. La norma fue inspirada en la creciente ola de delitos de modalidad \u201cvirtual\u201d cometidos por detenidos desde las propias [&hellip;]<\/p>\n","protected":false},"author":1,"featured_media":1616,"comment_status":"open","ping_status":"open","sticky":false,"template":"","format":"standard","meta":{"footnotes":""},"categories":[27],"tags":[29,272,37,1164,285,588,587,55,284,839,1357],"class_list":["post-1933","post","type-post","status-publish","format-standard","has-post-thumbnail","hentry","category-politica","tag-capitanich","tag-celulares","tag-chaco","tag-comisarias","tag-detenidos","tag-justicia","tag-ley","tag-policia","tag-presos","tag-seguridad","tag-veto"],"_links":{"self":[{"href":"https:\/\/hdpnoticias.com.ar\/index.php?rest_route=\/wp\/v2\/posts\/1933","targetHints":{"allow":["GET"]}}],"collection":[{"href":"https:\/\/hdpnoticias.com.ar\/index.php?rest_route=\/wp\/v2\/posts"}],"about":[{"href":"https:\/\/hdpnoticias.com.ar\/index.php?rest_route=\/wp\/v2\/types\/post"}],"author":[{"embeddable":true,"href":"https:\/\/hdpnoticias.com.ar\/index.php?rest_route=\/wp\/v2\/users\/1"}],"replies":[{"embeddable":true,"href":"https:\/\/hdpnoticias.com.ar\/index.php?rest_route=%2Fwp%2Fv2%2Fcomments&post=1933"}],"version-history":[{"count":1,"href":"https:\/\/hdpnoticias.com.ar\/index.php?rest_route=\/wp\/v2\/posts\/1933\/revisions"}],"predecessor-version":[{"id":1934,"href":"https:\/\/hdpnoticias.com.ar\/index.php?rest_route=\/wp\/v2\/posts\/1933\/revisions\/1934"}],"wp:featuredmedia":[{"embeddable":true,"href":"https:\/\/hdpnoticias.com.ar\/index.php?rest_route=\/wp\/v2\/media\/1616"}],"wp:attachment":[{"href":"https:\/\/hdpnoticias.com.ar\/index.php?rest_route=%2Fwp%2Fv2%2Fmedia&parent=1933"}],"wp:term":[{"taxonomy":"category","embeddable":true,"href":"https:\/\/hdpnoticias.com.ar\/index.php?rest_route=%2Fwp%2Fv2%2Fcategories&post=1933"},{"taxonomy":"post_tag","embeddable":true,"href":"https:\/\/hdpnoticias.com.ar\/index.php?rest_route=%2Fwp%2Fv2%2Ftags&post=1933"}],"curies":[{"name":"wp","href":"https:\/\/api.w.org\/{rel}","templated":true}]}}