{"id":1894,"date":"2023-04-25T08:44:10","date_gmt":"2023-04-25T11:44:10","guid":{"rendered":"http:\/\/hdpnoticias.com.ar\/?p=1894"},"modified":"2023-04-25T08:44:13","modified_gmt":"2023-04-25T11:44:13","slug":"saenz-pena-vecinos-piden-a-legisladores-que-frenen-los-tarifazos-de-luz-y-agua","status":"publish","type":"post","link":"https:\/\/hdpnoticias.com.ar\/?p=1894","title":{"rendered":"S\u00e1enz Pe\u00f1a: vecinos piden a legisladores que frenen los tarifazos de luz y agua"},"content":{"rendered":"\n<p>El Concejo Municipal de Presidencia Roque S\u00e1enz Pe\u00f1a recibi\u00f3 a vecinos autoconvocados que protestan contra el incremento de las tarifas de los servicios de agua potable y energ\u00eda el\u00e9ctrica.<\/p>\n\n\n\n<p>La audiencia fue aprobada por el Concejo el pasado 12 de abril y se llev\u00f3 a cabo este lunes con la presencia de los concejales Pedro Egea, Nora Gauna, Ernesto Blasco, Mar\u00eda Rodr\u00edguez, Carlos Pereyra, Luisina Lita, H\u00e9ctor Wasinger.<\/p>\n\n\n\n<p>Asistieron tambi\u00e9n el senador V\u00edctor Zimmermann, el diputado nacional Gerardo Cipolini, y los diputados provinciales Carim Peche y Silvina Canteros Reiser.<\/p>\n\n\n\n<p>Los defensores del Pueblo fueron invitados pero no asistieron.<\/p>\n\n\n\n<p>Los vecinos cuestionaron la calidad de los servicios p\u00fablicos.<\/p>\n\n\n\n<p>El agua provista por Sameep llega turbia desde hace 4 meses y la compa\u00f1\u00eda sigue cobrando a pesar de haber anunciado que no lo har\u00eda mientras persista el problema. A esto se suma un incremento de hasta el 300 por ciento en los \u00faltimos meses.<\/p>\n\n\n\n<p>Paralelamente denuncian incrementos de hasta el 700 por ciento en las tarifas de Secheep, adem\u00e1s de las deficiencias en el servicio con excesos y defectos de tensi\u00f3n que ocasionan da\u00f1os en los aparatos el\u00e9ctricos.<\/p>\n\n\n\n<p>Solicitaron que cesen las intimaciones y cortes por mora por 180 d\u00edas, que se retrotraigan las tarifas a agosto-septiembre de 2022 y se revean las \u00faltimas mediciones. Dijeron que esto \u00faltimo ya fue requerido por ellos a la empresa pero no obtuvieron respuestas.<\/p>\n","protected":false},"excerpt":{"rendered":"<p>El Concejo Municipal de Presidencia Roque S\u00e1enz Pe\u00f1a recibi\u00f3 a vecinos autoconvocados que protestan contra el incremento de las tarifas de los servicios de agua potable y energ\u00eda el\u00e9ctrica. La audiencia fue aprobada por el Concejo el pasado 12 de abril y se llev\u00f3 a cabo este lunes con la presencia de los concejales Pedro [&hellip;]<\/p>\n","protected":false},"author":1,"featured_media":1895,"comment_status":"open","ping_status":"open","sticky":false,"template":"","format":"standard","meta":{"footnotes":""},"categories":[6],"tags":[121,1336,71,231,95,118,232,229],"class_list":["post-1894","post","type-post","status-publish","format-standard","has-post-thumbnail","hentry","category-info-general","tag-agua","tag-concejales","tag-diputados","tag-luz","tag-saenz-pena","tag-sameep","tag-secheep","tag-tarifazo"],"_links":{"self":[{"href":"https:\/\/hdpnoticias.com.ar\/index.php?rest_route=\/wp\/v2\/posts\/1894","targetHints":{"allow":["GET"]}}],"collection":[{"href":"https:\/\/hdpnoticias.com.ar\/index.php?rest_route=\/wp\/v2\/posts"}],"about":[{"href":"https:\/\/hdpnoticias.com.ar\/index.php?rest_route=\/wp\/v2\/types\/post"}],"author":[{"embeddable":true,"href":"https:\/\/hdpnoticias.com.ar\/index.php?rest_route=\/wp\/v2\/users\/1"}],"replies":[{"embeddable":true,"href":"https:\/\/hdpnoticias.com.ar\/index.php?rest_route=%2Fwp%2Fv2%2Fcomments&post=1894"}],"version-history":[{"count":1,"href":"https:\/\/hdpnoticias.com.ar\/index.php?rest_route=\/wp\/v2\/posts\/1894\/revisions"}],"predecessor-version":[{"id":1896,"href":"https:\/\/hdpnoticias.com.ar\/index.php?rest_route=\/wp\/v2\/posts\/1894\/revisions\/1896"}],"wp:featuredmedia":[{"embeddable":true,"href":"https:\/\/hdpnoticias.com.ar\/index.php?rest_route=\/wp\/v2\/media\/1895"}],"wp:attachment":[{"href":"https:\/\/hdpnoticias.com.ar\/index.php?rest_route=%2Fwp%2Fv2%2Fmedia&parent=1894"}],"wp:term":[{"taxonomy":"category","embeddable":true,"href":"https:\/\/hdpnoticias.com.ar\/index.php?rest_route=%2Fwp%2Fv2%2Fcategories&post=1894"},{"taxonomy":"post_tag","embeddable":true,"href":"https:\/\/hdpnoticias.com.ar\/index.php?rest_route=%2Fwp%2Fv2%2Ftags&post=1894"}],"curies":[{"name":"wp","href":"https:\/\/api.w.org\/{rel}","templated":true}]}}