{"id":1877,"date":"2023-04-24T12:15:14","date_gmt":"2023-04-24T15:15:14","guid":{"rendered":"http:\/\/hdpnoticias.com.ar\/?p=1877"},"modified":"2023-04-24T12:16:04","modified_gmt":"2023-04-24T15:16:04","slug":"alberto-lloro-yo-vivo-de-mi-sueldo-de-presidente-no-soy-la-casta","status":"publish","type":"post","link":"https:\/\/hdpnoticias.com.ar\/?p=1877","title":{"rendered":"Alberto llor\u00f3: Yo vivo de mi sueldo de presidente, no soy la casta"},"content":{"rendered":"\n<p>El Presidente de la Naci\u00f3n: Alberto Fern\u00e1ndez, inici\u00f3 una rueda de entrevistas despu\u00e9s de anunciar su decisi\u00f3n de no aspirar a la reelecci\u00f3n, para repasar lo que considera logros de su gesti\u00f3n.<\/p>\n\n\n\n<p>Dijo que lleg\u00f3 al Gobierno conociendo de antemano la situaci\u00f3n en la que se encontraba el pa\u00eds tras la presidencia de Mauricio Macri, y que sab\u00eda perfectamente lo que hab\u00eda que hacer, lo que lo entusiasmaba mucho.<\/p>\n\n\n\n<p>Pero que a los 100 d\u00edas \u201ccambiaron las reglas del juego\u201d dr\u00e1sticamente con la llegada de la pandemia de Covid 19 que afect\u00f3 al mundo entero.<\/p>\n\n\n\n<p>\u201cLo primero que hice fue llamar a los amigos que ten\u00eda en Europa: Pedro S\u00e1nchez, \u00c1ngela Merkel, Macr\u00f3n, Conti que en aquel momento estaba en Italia, para que me dijeran algo, ellos que ya llevaban un mes en esa situaci\u00f3n\u201d, cont\u00f3.<\/p>\n\n\n\n<p>Sin embargo no encontr\u00f3 respuestas y porque esos l\u00edderes pol\u00edticos europeos estaban tan desorientados como \u00e9l.<\/p>\n\n\n\n<p>El impacto de la pandemia, seg\u00fan su entender, desestabiliz\u00f3 sus planes. Y hoy entiende que la gente mira las 130 mil v\u00edctimas fatales, \u201cpero no ve los 11 millones de argentinos atendidos en hospitales p\u00fablicos, y las 10.870.000 vidas salvadas\u201d.<\/p>\n\n\n\n<p>Cuando pasan estas cosas, entiende que la gente culpa al sistema, lo que impulsa el surgimiento de \u201clos antisistemas de la derecha\u201d: \u201cHablan contra el sistema pero despu\u00e9s se valen del mismo sistema\u201d, dijo.<\/p>\n\n\n\n<p>Y sigui\u00f3, ya refiri\u00e9ndose a Javier Milei, candidato de La Libertad Avanza: \u201cHablan de la casta, pero la casta es un tipo que cobra 25 mil d\u00f3lares por una conferencia, no yo que vivo de mi sueldo de Presidente\u201d.<\/p>\n\n\n\n<p>No obstante el oscuro panorama, dijo encontrar algunas satisfacciones, y emocionado hasta las l\u00e1grimas cont\u00f3 que despu\u00e9s del video descartando su candidatura, una mujer le agradeci\u00f3 en las redes sociales porque sus padres murieron de coronavirus pero lo hicieron en una cama digna de un hospital p\u00fablico.<\/p>\n","protected":false},"excerpt":{"rendered":"<p>El Presidente de la Naci\u00f3n: Alberto Fern\u00e1ndez, inici\u00f3 una rueda de entrevistas despu\u00e9s de anunciar su decisi\u00f3n de no aspirar a la reelecci\u00f3n, para repasar lo que considera logros de su gesti\u00f3n. Dijo que lleg\u00f3 al Gobierno conociendo de antemano la situaci\u00f3n en la que se encontraba el pa\u00eds tras la presidencia de Mauricio Macri, [&hellip;]<\/p>\n","protected":false},"author":1,"featured_media":1878,"comment_status":"open","ping_status":"open","sticky":false,"template":"","format":"standard","meta":{"footnotes":""},"categories":[27],"tags":[68],"class_list":["post-1877","post","type-post","status-publish","format-standard","has-post-thumbnail","hentry","category-politica","tag-alberto"],"_links":{"self":[{"href":"https:\/\/hdpnoticias.com.ar\/index.php?rest_route=\/wp\/v2\/posts\/1877","targetHints":{"allow":["GET"]}}],"collection":[{"href":"https:\/\/hdpnoticias.com.ar\/index.php?rest_route=\/wp\/v2\/posts"}],"about":[{"href":"https:\/\/hdpnoticias.com.ar\/index.php?rest_route=\/wp\/v2\/types\/post"}],"author":[{"embeddable":true,"href":"https:\/\/hdpnoticias.com.ar\/index.php?rest_route=\/wp\/v2\/users\/1"}],"replies":[{"embeddable":true,"href":"https:\/\/hdpnoticias.com.ar\/index.php?rest_route=%2Fwp%2Fv2%2Fcomments&post=1877"}],"version-history":[{"count":2,"href":"https:\/\/hdpnoticias.com.ar\/index.php?rest_route=\/wp\/v2\/posts\/1877\/revisions"}],"predecessor-version":[{"id":1880,"href":"https:\/\/hdpnoticias.com.ar\/index.php?rest_route=\/wp\/v2\/posts\/1877\/revisions\/1880"}],"wp:featuredmedia":[{"embeddable":true,"href":"https:\/\/hdpnoticias.com.ar\/index.php?rest_route=\/wp\/v2\/media\/1878"}],"wp:attachment":[{"href":"https:\/\/hdpnoticias.com.ar\/index.php?rest_route=%2Fwp%2Fv2%2Fmedia&parent=1877"}],"wp:term":[{"taxonomy":"category","embeddable":true,"href":"https:\/\/hdpnoticias.com.ar\/index.php?rest_route=%2Fwp%2Fv2%2Fcategories&post=1877"},{"taxonomy":"post_tag","embeddable":true,"href":"https:\/\/hdpnoticias.com.ar\/index.php?rest_route=%2Fwp%2Fv2%2Ftags&post=1877"}],"curies":[{"name":"wp","href":"https:\/\/api.w.org\/{rel}","templated":true}]}}