{"id":1794,"date":"2023-04-18T05:08:06","date_gmt":"2023-04-18T08:08:06","guid":{"rendered":"http:\/\/hdpnoticias.com.ar\/?p=1794"},"modified":"2023-05-10T10:02:07","modified_gmt":"2023-05-10T13:02:07","slug":"el-fantasma-del-apagon-y-los-piquetes-el-centenario-quedo-afuera-del-mundial-sub-20","status":"publish","type":"post","link":"https:\/\/hdpnoticias.com.ar\/?p=1794","title":{"rendered":"El fantasma del apag\u00f3n y los piquetes: el Centenario qued\u00f3 afuera del Mundial Sub 20"},"content":{"rendered":"<div class=\"wp-block-image\">\n<figure class=\"aligncenter size-full\"><img decoding=\"async\" src=\"http:\/\/hdpnoticias.com.ar\/wp-content\/uploads\/2023\/05\/Ciudad-Verde-0418-0424.gif\" alt=\"\" class=\"wp-image-2135\"\/><\/figure>\n<\/div>\n\n\n<p>La Fifa confirm\u00f3 que el Mundial Sub 20 se realizar\u00e1 en la Argentina, desde el 20 de mayo hasta el 11 de junio pr\u00f3ximos. Tendr\u00e1 6 grupos de 4 equipos cada uno y el sorteo se realizar\u00e1 este viernes en Zurich.<\/p>\n\n\n\n<p>En las \u00faltimas horas las expectativas estaban centradas en la definici\u00f3n de las sedes del torneo entre las que estaba el Estadio Centenario, del Club Atl\u00e9tico Sarmiento, de Resistencia, presidido por el gobernador Jorge Capitanich, que el domingo gui\u00f3 a los inspectores que examinaron las instalaciones.<\/p>\n\n\n\n<p>El estadio Ciudad de La Plata, tambi\u00e9n conocido como el \u00danico, es el principal candidato para albergar el partido inaugural y la final. A su vez, el Madre de Ciudades, de Santiago del Estero, tambi\u00e9n es candidato a recibir varios partidos-<\/p>\n\n\n\n<p>La AFA comunicar\u00e1 la decisi\u00f3n en los pr\u00f3ximos d\u00edas, probablemente en el mismo acto del sorteo de los grupos.<\/p>\n\n\n\n<p>Los estadios preseleccionados son: Ciudad de La Plata, San Juan del Bicentenario, Madre de Ciudades, \u00danico de Villa Mercedes, San Luis; Padre Martearena, de Salta y Carlos Augusto Mercado Luna, de La Rioja.<\/p>\n\n\n\n<p>El Centenario, del Chaco, seg\u00fan se inform\u00f3, no ser\u00e1 considerado por una serie de desventajas, como el dificultoso acceso al p\u00fablico que obliga a interrumpir el tr\u00e1nsito en las inmediaciones para garantizar la seguridad.<\/p>\n\n\n\n<p>Adem\u00e1s, otras cuestiones como las permanentes manifestaciones sociales con cortes de tr\u00e1nsito en toda la ciudad, que hacen prever posibles conflictos en torno al evento, jugaron en contra.<\/p>\n\n\n\n<p>Para completar, se suma la triste fama de los apagones que en octubre de 2012 gener\u00f3 la suspensi\u00f3n nada menos que del Cl\u00e1sico de las Am\u00e9ricas: Argentina&nbsp; Brasil, incidente t\u00e9cnico que hasta hoy no tuvo explicaci\u00f3n.<\/p>\n","protected":false},"excerpt":{"rendered":"<p>La Fifa confirm\u00f3 que el Mundial Sub 20 se realizar\u00e1 en la Argentina, desde el 20 de mayo hasta el 11 de junio pr\u00f3ximos. Tendr\u00e1 6 grupos de 4 equipos cada uno y el sorteo se realizar\u00e1 este viernes en Zurich. En las \u00faltimas horas las expectativas estaban centradas en la definici\u00f3n de las sedes [&hellip;]<\/p>\n","protected":false},"author":1,"featured_media":1795,"comment_status":"open","ping_status":"open","sticky":false,"template":"","format":"standard","meta":{"footnotes":""},"categories":[24],"tags":[1265,199,29,1050,37,1262,1264,1263,1261,692,49,729,257,652],"class_list":["post-1794","post","type-post","status-publish","format-standard","has-post-thumbnail","hentry","category-deportes","tag-afa","tag-apagon","tag-capitanich","tag-centenario","tag-chaco","tag-estadios","tag-fifa","tag-la-plata","tag-mundial-sub-20","tag-piquetes","tag-resistencia","tag-santiago-del-estero","tag-sarmiento","tag-transito-2"],"_links":{"self":[{"href":"https:\/\/hdpnoticias.com.ar\/index.php?rest_route=\/wp\/v2\/posts\/1794","targetHints":{"allow":["GET"]}}],"collection":[{"href":"https:\/\/hdpnoticias.com.ar\/index.php?rest_route=\/wp\/v2\/posts"}],"about":[{"href":"https:\/\/hdpnoticias.com.ar\/index.php?rest_route=\/wp\/v2\/types\/post"}],"author":[{"embeddable":true,"href":"https:\/\/hdpnoticias.com.ar\/index.php?rest_route=\/wp\/v2\/users\/1"}],"replies":[{"embeddable":true,"href":"https:\/\/hdpnoticias.com.ar\/index.php?rest_route=%2Fwp%2Fv2%2Fcomments&post=1794"}],"version-history":[{"count":2,"href":"https:\/\/hdpnoticias.com.ar\/index.php?rest_route=\/wp\/v2\/posts\/1794\/revisions"}],"predecessor-version":[{"id":2150,"href":"https:\/\/hdpnoticias.com.ar\/index.php?rest_route=\/wp\/v2\/posts\/1794\/revisions\/2150"}],"wp:featuredmedia":[{"embeddable":true,"href":"https:\/\/hdpnoticias.com.ar\/index.php?rest_route=\/wp\/v2\/media\/1795"}],"wp:attachment":[{"href":"https:\/\/hdpnoticias.com.ar\/index.php?rest_route=%2Fwp%2Fv2%2Fmedia&parent=1794"}],"wp:term":[{"taxonomy":"category","embeddable":true,"href":"https:\/\/hdpnoticias.com.ar\/index.php?rest_route=%2Fwp%2Fv2%2Fcategories&post=1794"},{"taxonomy":"post_tag","embeddable":true,"href":"https:\/\/hdpnoticias.com.ar\/index.php?rest_route=%2Fwp%2Fv2%2Ftags&post=1794"}],"curies":[{"name":"wp","href":"https:\/\/api.w.org\/{rel}","templated":true}]}}