{"id":1734,"date":"2023-04-13T11:56:32","date_gmt":"2023-04-13T14:56:32","guid":{"rendered":"http:\/\/hdpnoticias.com.ar\/?p=1734"},"modified":"2023-04-13T16:22:57","modified_gmt":"2023-04-13T19:22:57","slug":"emerenciano-impulsa-la-reeleccion-de-capitanich-y-sera-candidato-en-las-paso-del-oficialismo","status":"publish","type":"post","link":"https:\/\/hdpnoticias.com.ar\/?p=1734","title":{"rendered":"Emerenciano impulsa la reelecci\u00f3n de Capitanich y ser\u00e1 candidato en las Paso del oficialismo"},"content":{"rendered":"\n<p>El dirigente social Emerenciano Sena, l\u00edder del Movimiento Socialista Emereciano, anunci\u00f3 que el partido Socialistas Unidos por el Chaco, que \u00e9l preside, forma parte del oficialista Frente Chaco, encabezado por el gobernador Jorge Capitanich.<\/p>\n\n\n\n<p>Adelant\u00f3 tambi\u00e9n que Capitanich ser\u00e1 candidato a gobernador en las pr\u00f3ximas elecciones.<\/p>\n\n\n\n<p>Por su parte, Emerenciano encabezar\u00e1 la lista de precandidatos a diputados provinciales de Socialistas Unidos en las primarias abiertas, simult\u00e1neas y obligatorias del 18 de junio. Y Marcela Acu\u00f1a, su esposa y titular de Mujeres al Frente, participar\u00e1 como precandidata a intendente de Resistencia.<\/p>\n\n\n\n<p>El partido de Sena es un socio habitual del PJ en el oficialismo. As\u00ed ya se midi\u00f3 en otras oportunidades con singulares resultados.<\/p>\n","protected":false},"excerpt":{"rendered":"<p>El dirigente social Emerenciano Sena, l\u00edder del Movimiento Socialista Emereciano, anunci\u00f3 que el partido Socialistas Unidos por el Chaco, que \u00e9l preside, forma parte del oficialista Frente Chaco, encabezado por el gobernador Jorge Capitanich. Adelant\u00f3 tambi\u00e9n que Capitanich ser\u00e1 candidato a gobernador en las pr\u00f3ximas elecciones. Por su parte, Emerenciano encabezar\u00e1 la lista de precandidatos [&hellip;]<\/p>\n","protected":false},"author":1,"featured_media":1735,"comment_status":"open","ping_status":"open","sticky":false,"template":"","format":"standard","meta":{"footnotes":""},"categories":[27],"tags":[29,37,682,793,1232,249,245,350,1231],"class_list":["post-1734","post","type-post","status-publish","format-standard","has-post-thumbnail","hentry","category-politica","tag-capitanich","tag-chaco","tag-diputado","tag-emerenciano","tag-frente","tag-paso","tag-primarias","tag-reeleccion","tag-socialistas"],"_links":{"self":[{"href":"https:\/\/hdpnoticias.com.ar\/index.php?rest_route=\/wp\/v2\/posts\/1734","targetHints":{"allow":["GET"]}}],"collection":[{"href":"https:\/\/hdpnoticias.com.ar\/index.php?rest_route=\/wp\/v2\/posts"}],"about":[{"href":"https:\/\/hdpnoticias.com.ar\/index.php?rest_route=\/wp\/v2\/types\/post"}],"author":[{"embeddable":true,"href":"https:\/\/hdpnoticias.com.ar\/index.php?rest_route=\/wp\/v2\/users\/1"}],"replies":[{"embeddable":true,"href":"https:\/\/hdpnoticias.com.ar\/index.php?rest_route=%2Fwp%2Fv2%2Fcomments&post=1734"}],"version-history":[{"count":2,"href":"https:\/\/hdpnoticias.com.ar\/index.php?rest_route=\/wp\/v2\/posts\/1734\/revisions"}],"predecessor-version":[{"id":1738,"href":"https:\/\/hdpnoticias.com.ar\/index.php?rest_route=\/wp\/v2\/posts\/1734\/revisions\/1738"}],"wp:featuredmedia":[{"embeddable":true,"href":"https:\/\/hdpnoticias.com.ar\/index.php?rest_route=\/wp\/v2\/media\/1735"}],"wp:attachment":[{"href":"https:\/\/hdpnoticias.com.ar\/index.php?rest_route=%2Fwp%2Fv2%2Fmedia&parent=1734"}],"wp:term":[{"taxonomy":"category","embeddable":true,"href":"https:\/\/hdpnoticias.com.ar\/index.php?rest_route=%2Fwp%2Fv2%2Fcategories&post=1734"},{"taxonomy":"post_tag","embeddable":true,"href":"https:\/\/hdpnoticias.com.ar\/index.php?rest_route=%2Fwp%2Fv2%2Ftags&post=1734"}],"curies":[{"name":"wp","href":"https:\/\/api.w.org\/{rel}","templated":true}]}}