{"id":1705,"date":"2023-04-11T22:08:28","date_gmt":"2023-04-12T01:08:28","guid":{"rendered":"http:\/\/hdpnoticias.com.ar\/?p=1705"},"modified":"2023-04-11T22:08:30","modified_gmt":"2023-04-12T01:08:30","slug":"bacileff-ivanoff-pide-frenar-el-delito-capitanich-no-puede-avalar-usurpaciones","status":"publish","type":"post","link":"https:\/\/hdpnoticias.com.ar\/?p=1705","title":{"rendered":"Bacileff Ivanoff pide frenar el delito: Capitanich no puede avalar usurpaciones"},"content":{"rendered":"\n<p>El exvicegobernador Juan Carlos Bacileff Ivanoff, l\u00edder del Frente Integrador, observo que \u201cel principal problema e la provincia ya no pasa por los piquetes, sino por la inseguridad\u201d.<\/p>\n\n\n\n<p>\u201cLa gente en la calle pide que frenen la inseguridad\u201d, dijo al reclamar medidas al Gobierno, pero tambi\u00e9n a la oposici\u00f3n pol\u00edtica y a todos los sectores de la sociedad que puedan aportar ideas.<\/p>\n\n\n\n<p>Para \u00e9l, la urgencia por el incremento de la inseguridad demanda dejar de lado la cuesti\u00f3n electoral para unificar criterios en todas las \u00e1reas.<\/p>\n\n\n\n<p>Una de ellas es el aumento de usurpaciones de terrenos privados. \u201cHay que terminar con las usurpaciones. Es un delito\u201d, dijo, y agreg\u00f3 que \u201csi alguien piensa que no es as\u00ed, tienen que reformar la Constituci\u00f3n\u201d.<\/p>\n\n\n\n<p>Y, al respecto, llam\u00f3 la atenci\u00f3n al gobernador Jorge Capitanich: \u201cNo se puede sacar fotos con los usurpadores dentro de la propiedad privada usurpada. Porque as\u00ed est\u00e1 avalando el delito\u201d, cuestion\u00f3.<\/p>\n\n\n\n<p>As\u00ed se refiri\u00f3 a la visita del Gobernador a un <strong><a href=\"http:\/\/hdpnoticias.com.ar\/?p=854\" target=\"_blank\" rel=\"noreferrer noopener\">terreno usurpado a la familia Trangoni<\/a><\/strong> en Presidencia Roque S\u00e1enz Pe\u00f1a, donde prometi\u00f3 \u201csolucionar el problema\u201d de los intrusos.<\/p>\n","protected":false},"excerpt":{"rendered":"<p>El exvicegobernador Juan Carlos Bacileff Ivanoff, l\u00edder del Frente Integrador, observo que \u201cel principal problema e la provincia ya no pasa por los piquetes, sino por la inseguridad\u201d. \u201cLa gente en la calle pide que frenen la inseguridad\u201d, dijo al reclamar medidas al Gobierno, pero tambi\u00e9n a la oposici\u00f3n pol\u00edtica y a todos los sectores [&hellip;]<\/p>\n","protected":false},"author":1,"featured_media":1706,"comment_status":"open","ping_status":"open","sticky":false,"template":"","format":"standard","meta":{"footnotes":""},"categories":[27],"tags":[243,29,1217,267,244,999,692,693],"class_list":["post-1705","post","type-post","status-publish","format-standard","has-post-thumbnail","hentry","category-politica","tag-bacileff-ivanoff","tag-capitanich","tag-delito","tag-frente-integrador","tag-gobernador","tag-inseguridad","tag-piquetes","tag-usurpaciones"],"_links":{"self":[{"href":"https:\/\/hdpnoticias.com.ar\/index.php?rest_route=\/wp\/v2\/posts\/1705","targetHints":{"allow":["GET"]}}],"collection":[{"href":"https:\/\/hdpnoticias.com.ar\/index.php?rest_route=\/wp\/v2\/posts"}],"about":[{"href":"https:\/\/hdpnoticias.com.ar\/index.php?rest_route=\/wp\/v2\/types\/post"}],"author":[{"embeddable":true,"href":"https:\/\/hdpnoticias.com.ar\/index.php?rest_route=\/wp\/v2\/users\/1"}],"replies":[{"embeddable":true,"href":"https:\/\/hdpnoticias.com.ar\/index.php?rest_route=%2Fwp%2Fv2%2Fcomments&post=1705"}],"version-history":[{"count":1,"href":"https:\/\/hdpnoticias.com.ar\/index.php?rest_route=\/wp\/v2\/posts\/1705\/revisions"}],"predecessor-version":[{"id":1707,"href":"https:\/\/hdpnoticias.com.ar\/index.php?rest_route=\/wp\/v2\/posts\/1705\/revisions\/1707"}],"wp:featuredmedia":[{"embeddable":true,"href":"https:\/\/hdpnoticias.com.ar\/index.php?rest_route=\/wp\/v2\/media\/1706"}],"wp:attachment":[{"href":"https:\/\/hdpnoticias.com.ar\/index.php?rest_route=%2Fwp%2Fv2%2Fmedia&parent=1705"}],"wp:term":[{"taxonomy":"category","embeddable":true,"href":"https:\/\/hdpnoticias.com.ar\/index.php?rest_route=%2Fwp%2Fv2%2Fcategories&post=1705"},{"taxonomy":"post_tag","embeddable":true,"href":"https:\/\/hdpnoticias.com.ar\/index.php?rest_route=%2Fwp%2Fv2%2Ftags&post=1705"}],"curies":[{"name":"wp","href":"https:\/\/api.w.org\/{rel}","templated":true}]}}