{"id":1693,"date":"2023-04-10T21:33:19","date_gmt":"2023-04-11T00:33:19","guid":{"rendered":"http:\/\/hdpnoticias.com.ar\/?p=1693"},"modified":"2023-04-10T21:33:21","modified_gmt":"2023-04-11T00:33:21","slug":"plan-b-diputados-coquistas-impusan-la-reeleccion-de-capitanich","status":"publish","type":"post","link":"https:\/\/hdpnoticias.com.ar\/?p=1693","title":{"rendered":"Plan B: diputados coquistas impusan la reelecci\u00f3n de Capitanich"},"content":{"rendered":"\n<p>El gobernador Jorge Capitanich pas\u00f3 el \u00faltimo tiempo perfilado como precandidato presidencial, y recientemente m\u00e1s decididamente tras el lanzamiento de su libro \u201cArgentina merece m\u00e1s\u201d.<\/p>\n\n\n\n<p>Pero, por si se viera obligado a abortar su proyecto, nunca dej\u00f3 de lado el \u201cplan B\u201d: ir por su cuarto per\u00edodo como gobernador.<\/p>\n\n\n\n<p>Ahora los diputados provinciales de su Frente Chaque\u00f1o, emitieron un documento impulsando su reelecci\u00f3n, elogiando su \u201ccapacidad, coraje y convicci\u00f3n\u201d para \u201cafrontar las dificultades y los obst\u00e1culos propios de este \u00e9poca\u201d.<\/p>\n\n\n\n<p>Entre otras cuestiones que debi\u00f3 afrontar, se\u00f1alan \u201clos problemas heredados de la etapa anterior\u201d, y \u201cel cimbronazo mundial de las pandemias sanitarias y econ\u00f3mica que sacudieron el mundo\u201d.<\/p>\n\n\n\n<p>En esta empresa abogan por \u201cla unidad en la diversidad\u201d contra \u201cla infamia y las mentiras\u201d de la oposici\u00f3n.<\/p>\n\n\n\n<p>La declaraci\u00f3n lleva las firmas de los peronistas Elda Insaurralde, Claudia Panzardi, Mariela Quir\u00f3s, Paola Ben\u00edtez, Hugo S\u00e1ger, Rodrigo Ocampo, Nicol\u00e1s Slimel y Juan Carlos Ayala; Tere Cubells, del Frente Grande; Juan Jos\u00e9 Bergia, del Nepar; y Luis Obeid, de Por Chaco, ex PRO.<\/p>\n","protected":false},"excerpt":{"rendered":"<p>El gobernador Jorge Capitanich pas\u00f3 el \u00faltimo tiempo perfilado como precandidato presidencial, y recientemente m\u00e1s decididamente tras el lanzamiento de su libro \u201cArgentina merece m\u00e1s\u201d. Pero, por si se viera obligado a abortar su proyecto, nunca dej\u00f3 de lado el \u201cplan B\u201d: ir por su cuarto per\u00edodo como gobernador. Ahora los diputados provinciales de su [&hellip;]<\/p>\n","protected":false},"author":1,"featured_media":1694,"comment_status":"open","ping_status":"open","sticky":false,"template":"","format":"standard","meta":{"footnotes":""},"categories":[27],"tags":[29,71,1052,244,1210,350],"class_list":["post-1693","post","type-post","status-publish","format-standard","has-post-thumbnail","hentry","category-politica","tag-capitanich","tag-diputados","tag-frente-chaqueno","tag-gobernador","tag-presidencial","tag-reeleccion"],"_links":{"self":[{"href":"https:\/\/hdpnoticias.com.ar\/index.php?rest_route=\/wp\/v2\/posts\/1693","targetHints":{"allow":["GET"]}}],"collection":[{"href":"https:\/\/hdpnoticias.com.ar\/index.php?rest_route=\/wp\/v2\/posts"}],"about":[{"href":"https:\/\/hdpnoticias.com.ar\/index.php?rest_route=\/wp\/v2\/types\/post"}],"author":[{"embeddable":true,"href":"https:\/\/hdpnoticias.com.ar\/index.php?rest_route=\/wp\/v2\/users\/1"}],"replies":[{"embeddable":true,"href":"https:\/\/hdpnoticias.com.ar\/index.php?rest_route=%2Fwp%2Fv2%2Fcomments&post=1693"}],"version-history":[{"count":1,"href":"https:\/\/hdpnoticias.com.ar\/index.php?rest_route=\/wp\/v2\/posts\/1693\/revisions"}],"predecessor-version":[{"id":1695,"href":"https:\/\/hdpnoticias.com.ar\/index.php?rest_route=\/wp\/v2\/posts\/1693\/revisions\/1695"}],"wp:featuredmedia":[{"embeddable":true,"href":"https:\/\/hdpnoticias.com.ar\/index.php?rest_route=\/wp\/v2\/media\/1694"}],"wp:attachment":[{"href":"https:\/\/hdpnoticias.com.ar\/index.php?rest_route=%2Fwp%2Fv2%2Fmedia&parent=1693"}],"wp:term":[{"taxonomy":"category","embeddable":true,"href":"https:\/\/hdpnoticias.com.ar\/index.php?rest_route=%2Fwp%2Fv2%2Fcategories&post=1693"},{"taxonomy":"post_tag","embeddable":true,"href":"https:\/\/hdpnoticias.com.ar\/index.php?rest_route=%2Fwp%2Fv2%2Ftags&post=1693"}],"curies":[{"name":"wp","href":"https:\/\/api.w.org\/{rel}","templated":true}]}}