{"id":1570,"date":"2023-04-03T06:22:04","date_gmt":"2023-04-03T09:22:04","guid":{"rendered":"http:\/\/hdpnoticias.com.ar\/?p=1570"},"modified":"2023-04-03T12:09:29","modified_gmt":"2023-04-03T15:09:29","slug":"indigencia-cabeza-llena-corazon-contento","status":"publish","type":"post","link":"https:\/\/hdpnoticias.com.ar\/?p=1570","title":{"rendered":"Indigencia: cabeza llena, coraz\u00f3n contento"},"content":{"rendered":"\n<p>Por Dar\u00edo Zarco |<\/p>\n\n\n\n<p>Parece mentira: el Gobierno del Chaco festej\u00f3 como La Tercera el descenso de 5 puntos en el porcentaje de chaque\u00f1os indigentes durante el segundo semestre de 2022: de 19,4 a 15,4. Es como celebrar una goleada humillante y eliminatoria s\u00f3lo porque pudo haber sido peor.<\/p>\n\n\n\n<p>Lo celebr\u00f3 a lo grande: conmin\u00f3 a los medios a encarar por ah\u00ed los t\u00edtulos de los registros de pobreza e indigencia difundidos por el Indec. Y para no correr riesgos editoriales adjunt\u00f3 una foto de un grupo de obreros bien comidos, posando con el gobernador Jorge Capitanich detr\u00e1s.<\/p>\n\n\n\n<p>Un funcionario que nadie conoce firm\u00f3 las declaraciones. Dijo que la merma de la indigencia es producto de las pol\u00edticas implementadas por el Gobierno provincial para proteger a los sectores m\u00e1s vulnerables y su incidencia en la creaci\u00f3n de empleo.<\/p>\n\n\n\n<p>Lo dijo obviando que ninguna \u201cmedida de protecci\u00f3n\u201d a los sectores m\u00e1s vulnerables supera la l\u00ednea de indigencia; y que trabajar no alcanza para salir de la indigencia, muchos menos de la pobreza, como lo demuestran los recibos de docentes, polic\u00edas y enfermeros, por citar segmentos claves como educaci\u00f3n, seguridad y salud donde se supone que el Estado pone su mayor esfuerzo.<\/p>\n\n\n\n<p>Evidentemente, esas pol\u00edticas oficiales no impactaron en la pobreza, que sigui\u00f3 subiendo y termin\u00f3 2022 en el 54% en el Gran Resistencia. Pero as\u00ed como lo bueno es gracias a la Provincia, lo malo es culpa de la Naci\u00f3n que no encuentra el pedal para frenar la inflaci\u00f3n y de los empleadores privados que no pagan lo suficiente para superarla.<\/p>\n\n\n\n<p>Adem\u00e1s, el Gobierno cuestiona las mediciones. El mismo Capitanich culpa al Indec por encarar a los pobres que tienen m\u00e1s tiempo y paciencia para responder la encuesta, mientras la gente de clase media anda siempre apurada. Y as\u00ed nos va.<\/p>\n\n\n\n<p>Por eso no sabemos si ese 5% de gente que sali\u00f3 de la indigencia salt\u00f3 alegre a la pobreza o muri\u00f3 de inanici\u00f3n, una hip\u00f3tesis que no se puede descartar considerando que la l\u00ednea de indigencia est\u00e1 definida por la canasta m\u00ednima de alimentos.<\/p>\n\n\n\n<p>Como dir\u00eda Capitanich: \u201cla verdad\u201d es que la indigencia baj\u00f3 tambi\u00e9n en el resto del pa\u00eds, lo que le permite al Gran Resistencia mantenerse inc\u00f3lume en la punta de la tabla.<\/p>\n\n\n\n<p>Ahora hay que repuntar la pobreza. En lugar de intentar infructuosamente taparla, deber\u00edamos exponerla en todo su esplendor.<\/p>\n\n\n\n<p>El Gran Resistencia s\u00f3lo fue superado por Concordia, ciudad entrerriana con el 55,2% de sus 190 mil habitantes debajo de la l\u00ednea de pobreza, aunque la indigencia es menor que la nuestra: 11,1. Pero el Gran Paran\u00e1, la capital de Entre R\u00edos y dem\u00e1s ciudades del \u00e1rea metropolitana, tiene 38,2 de pobreza y 6,5 de indigencia.<\/p>\n\n\n\n<p>Definitivamente, capital vs. capital, al Gran Resistencia no hay con qu\u00e9 darle. Pero no tenemos techo: \u00bfqu\u00e9 ocurrir\u00eda si el Indec relevara el interior del Chaco, donde pan, leche, carne, gas y todo cuesta el doble?<\/p>\n\n\n\n<p>Adicto a los dibujos estad\u00edsticos, el Gobierno sufre el s\u00edndrome de abstinencia frente a los \u00edndices del Indec. Y en la desesperaci\u00f3n apela a su \u00faltimo recurso: el artificio medi\u00e1tico. Prioriza llenarte la cabeza, la panza puede esperar.<\/p>\n","protected":false},"excerpt":{"rendered":"<p>Por Dar\u00edo Zarco | Parece mentira: el Gobierno del Chaco festej\u00f3 como La Tercera el descenso de 5 puntos en el porcentaje de chaque\u00f1os indigentes durante el segundo semestre de 2022: de 19,4 a 15,4. Es como celebrar una goleada humillante y eliminatoria s\u00f3lo porque pudo haber sido peor. Lo celebr\u00f3 a lo grande: conmin\u00f3 [&hellip;]<\/p>\n","protected":false},"author":1,"featured_media":1571,"comment_status":"open","ping_status":"open","sticky":false,"template":"","format":"standard","meta":{"footnotes":""},"categories":[2],"tags":[29,37,1107,61,949,260,191,950,694,1129,49],"class_list":["post-1570","post","type-post","status-publish","format-standard","has-post-thumbnail","hentry","category-editorial","tag-capitanich","tag-chaco","tag-concordia","tag-indec","tag-indigencia","tag-medios","tag-parana","tag-pauta","tag-pobreza","tag-prensa","tag-resistencia"],"_links":{"self":[{"href":"https:\/\/hdpnoticias.com.ar\/index.php?rest_route=\/wp\/v2\/posts\/1570","targetHints":{"allow":["GET"]}}],"collection":[{"href":"https:\/\/hdpnoticias.com.ar\/index.php?rest_route=\/wp\/v2\/posts"}],"about":[{"href":"https:\/\/hdpnoticias.com.ar\/index.php?rest_route=\/wp\/v2\/types\/post"}],"author":[{"embeddable":true,"href":"https:\/\/hdpnoticias.com.ar\/index.php?rest_route=\/wp\/v2\/users\/1"}],"replies":[{"embeddable":true,"href":"https:\/\/hdpnoticias.com.ar\/index.php?rest_route=%2Fwp%2Fv2%2Fcomments&post=1570"}],"version-history":[{"count":2,"href":"https:\/\/hdpnoticias.com.ar\/index.php?rest_route=\/wp\/v2\/posts\/1570\/revisions"}],"predecessor-version":[{"id":1575,"href":"https:\/\/hdpnoticias.com.ar\/index.php?rest_route=\/wp\/v2\/posts\/1570\/revisions\/1575"}],"wp:featuredmedia":[{"embeddable":true,"href":"https:\/\/hdpnoticias.com.ar\/index.php?rest_route=\/wp\/v2\/media\/1571"}],"wp:attachment":[{"href":"https:\/\/hdpnoticias.com.ar\/index.php?rest_route=%2Fwp%2Fv2%2Fmedia&parent=1570"}],"wp:term":[{"taxonomy":"category","embeddable":true,"href":"https:\/\/hdpnoticias.com.ar\/index.php?rest_route=%2Fwp%2Fv2%2Fcategories&post=1570"},{"taxonomy":"post_tag","embeddable":true,"href":"https:\/\/hdpnoticias.com.ar\/index.php?rest_route=%2Fwp%2Fv2%2Ftags&post=1570"}],"curies":[{"name":"wp","href":"https:\/\/api.w.org\/{rel}","templated":true}]}}