{"id":15493,"date":"2026-09-04T21:13:48","date_gmt":"2026-09-05T00:13:48","guid":{"rendered":"https:\/\/hdpnoticias.com.ar\/?p=15493"},"modified":"2026-09-04T21:13:50","modified_gmt":"2026-09-05T00:13:50","slug":"voraz-incendio-de-pastizales-alcanzo-a-varias-viviendas-en-puerto-vilelas","status":"publish","type":"post","link":"https:\/\/hdpnoticias.com.ar\/?p=15493","title":{"rendered":"Voraz incendio de pastizales alcanz\u00f3 a varias viviendas en Puerto Vilelas"},"content":{"rendered":"\n<figure class=\"wp-block-image size-large\"><img loading=\"lazy\" decoding=\"async\" width=\"1024\" height=\"128\" src=\"http:\/\/hdpnoticias.com.ar\/wp-content\/uploads\/2026\/09\/PESCA-DEL-DORADO-2026_720x90-19-1024x128.gif\" alt=\"\" class=\"wp-image-15466\" srcset=\"https:\/\/hdpnoticias.com.ar\/wp-content\/uploads\/2026\/09\/PESCA-DEL-DORADO-2026_720x90-19-1024x128.gif 1024w, https:\/\/hdpnoticias.com.ar\/wp-content\/uploads\/2026\/09\/PESCA-DEL-DORADO-2026_720x90-19-300x38.gif 300w, https:\/\/hdpnoticias.com.ar\/wp-content\/uploads\/2026\/09\/PESCA-DEL-DORADO-2026_720x90-19-768x96.gif 768w, https:\/\/hdpnoticias.com.ar\/wp-content\/uploads\/2026\/09\/PESCA-DEL-DORADO-2026_720x90-19-696x87.gif 696w, https:\/\/hdpnoticias.com.ar\/wp-content\/uploads\/2026\/09\/PESCA-DEL-DORADO-2026_720x90-19-1068x134.gif 1068w\" sizes=\"auto, (max-width: 1024px) 100vw, 1024px\" \/><\/figure>\n\n\n\n<p class=\"wp-block-paragraph\">Minutos despu\u00e9s de las 17 de este viernes, un voraz incendio se desat\u00f3 en el descampado a la vera de la avenida Mosconi, en Puerto Vilelas.<\/p>\n\n\n\n<p class=\"wp-block-paragraph\">El fuego, impulsado por el viento del sureste, encontr\u00f3 terreno propicio en la vasta vegetaci\u00f3n seca y lleg\u00f3 r\u00e1pidamente hasta el mismo terrapl\u00e9n de la avenida, alcanzando a un grupo de viviendas a la altura de la avenida Edison.<\/p>\n\n\n\n<p class=\"wp-block-paragraph\">Los ocupantes de las mismas debieron evacuarlas para ponerse a resguardo, mientras vecinos, polic\u00edas y personal de la Guardia Urbana Municipal de Barranqueras intentaba generar un cortafuego en la parte posterior de las casas arrojando agua con recipientes de todo tipo.<\/p>\n\n\n\n<p class=\"wp-block-paragraph\">Alrededor de las 18 arrib\u00f3 una autobomba de Bomberos Voluntarios de Puerto Vilelas, que impidi\u00f3 que las llamas siguieran avanzando hacia las edificaciones.<\/p>\n\n\n\n<p class=\"wp-block-paragraph\">Paralelamente, se acrecentaban focos en la parte central del descampado.<\/p>\n\n\n\n<p class=\"wp-block-paragraph\">Ahora investigan el origen del siniestro, y no se descarta que haya sido originado deliberadamente, considerando que no estaban dadas las condiciones de temperatura y soleamiento para un encendido espont\u00e1neo.<\/p>\n\n\n\n<p class=\"wp-block-paragraph\">Considerando los antecedentes que existen en esa zona y otros puntos del Gran Resistencia, no se descarta que se trate de una avanzada para futuras usurpaciones.<\/p>\n\n\n\n<iframe loading=\"lazy\" src=\"https:\/\/www.facebook.com\/plugins\/video.php?height=316&#038;href=https%3A%2F%2Fwww.facebook.com%2Freel%2F1983322092323254%2F&#038;show_text=false&#038;width=560&#038;t=0\" width=\"560\" height=\"316\" style=\"border:none;overflow:hidden\" scrolling=\"no\" frameborder=\"0\" allowfullscreen=\"true\" allow=\"autoplay; clipboard-write; encrypted-media; picture-in-picture; web-share\" allowFullScreen=\"true\"><\/iframe>\n\n\n\n<figure class=\"wp-block-image size-full\"><img loading=\"lazy\" decoding=\"async\" width=\"720\" height=\"90\" src=\"http:\/\/hdpnoticias.com.ar\/wp-content\/uploads\/2024\/05\/Copy-of-720x90-1.gif\" alt=\"\" class=\"wp-image-6806\"\/><\/figure>\n\n\n\n<figure class=\"wp-block-image size-full\"><img loading=\"lazy\" decoding=\"async\" width=\"728\" height=\"90\" src=\"http:\/\/hdpnoticias.com.ar\/wp-content\/uploads\/2024\/05\/Nachec.gif\" alt=\"\" class=\"wp-image-6814\"\/><\/figure>\n","protected":false},"excerpt":{"rendered":"<p>Minutos despu\u00e9s de las 17 de este viernes, un voraz incendio se desat\u00f3 en el descampado a la vera de la avenida Mosconi, en Puerto Vilelas. El fuego, impulsado por el viento del sureste, encontr\u00f3 terreno propicio en la vasta vegetaci\u00f3n seca y lleg\u00f3 r\u00e1pidamente hasta el mismo terrapl\u00e9n de la avenida, alcanzando a un [&hellip;]<\/p>\n","protected":false},"author":1,"featured_media":15494,"comment_status":"open","ping_status":"open","sticky":false,"template":"","format":"standard","meta":{"footnotes":""},"categories":[6],"tags":[53,307,808,4641,328,693,79],"class_list":["post-15493","post","type-post","status-publish","format-standard","has-post-thumbnail","hentry","category-info-general","tag-barranqueras","tag-incendio","tag-mosconi","tag-pastizales","tag-puerto-vilelas","tag-usurpaciones","tag-viviendas"],"_links":{"self":[{"href":"https:\/\/hdpnoticias.com.ar\/index.php?rest_route=\/wp\/v2\/posts\/15493","targetHints":{"allow":["GET"]}}],"collection":[{"href":"https:\/\/hdpnoticias.com.ar\/index.php?rest_route=\/wp\/v2\/posts"}],"about":[{"href":"https:\/\/hdpnoticias.com.ar\/index.php?rest_route=\/wp\/v2\/types\/post"}],"author":[{"embeddable":true,"href":"https:\/\/hdpnoticias.com.ar\/index.php?rest_route=\/wp\/v2\/users\/1"}],"replies":[{"embeddable":true,"href":"https:\/\/hdpnoticias.com.ar\/index.php?rest_route=%2Fwp%2Fv2%2Fcomments&post=15493"}],"version-history":[{"count":1,"href":"https:\/\/hdpnoticias.com.ar\/index.php?rest_route=\/wp\/v2\/posts\/15493\/revisions"}],"predecessor-version":[{"id":15495,"href":"https:\/\/hdpnoticias.com.ar\/index.php?rest_route=\/wp\/v2\/posts\/15493\/revisions\/15495"}],"wp:featuredmedia":[{"embeddable":true,"href":"https:\/\/hdpnoticias.com.ar\/index.php?rest_route=\/wp\/v2\/media\/15494"}],"wp:attachment":[{"href":"https:\/\/hdpnoticias.com.ar\/index.php?rest_route=%2Fwp%2Fv2%2Fmedia&parent=15493"}],"wp:term":[{"taxonomy":"category","embeddable":true,"href":"https:\/\/hdpnoticias.com.ar\/index.php?rest_route=%2Fwp%2Fv2%2Fcategories&post=15493"},{"taxonomy":"post_tag","embeddable":true,"href":"https:\/\/hdpnoticias.com.ar\/index.php?rest_route=%2Fwp%2Fv2%2Ftags&post=15493"}],"curies":[{"name":"wp","href":"https:\/\/api.w.org\/{rel}","templated":true}]}}