{"id":15453,"date":"2026-08-30T23:59:00","date_gmt":"2026-08-31T02:59:00","guid":{"rendered":"https:\/\/hdpnoticias.com.ar\/?p=15453"},"modified":"2026-08-31T08:08:15","modified_gmt":"2026-08-31T11:08:15","slug":"motociclista-choco-una-columna-cayo-al-carril-contrario-y-murio-arrollado","status":"publish","type":"post","link":"https:\/\/hdpnoticias.com.ar\/?p=15453","title":{"rendered":"Motociclista choc\u00f3 una columna, cay\u00f3 al carril contrario y muri\u00f3 arrollado"},"content":{"rendered":"\n<figure class=\"wp-block-image size-full\"><img loading=\"lazy\" decoding=\"async\" width=\"728\" height=\"90\" src=\"http:\/\/hdpnoticias.com.ar\/wp-content\/uploads\/2024\/05\/Nachec.gif\" alt=\"\" class=\"wp-image-6814\"\/><\/figure>\n\n\n\n<p class=\"wp-block-paragraph\">Minutos despu\u00e9s de las 19 de este domingo, Jonathan Velazco C\u00f3rdoba, de 48 a\u00f1os, muri\u00f3 en un particular accidente de tr\u00e1nsito en la avenida Castelli al 2350, en la zona sur de Resistencia.<\/p>\n\n\n\n<p class=\"wp-block-paragraph\">Circulaba en motocicleta sentido hacia Barranqueras cuando tras cruzar la calle 15 se desvi\u00f3 hacia la izquierda e impact\u00f3 contra una columna de alumbrado p\u00fablico ubicada en la platabanda central.<\/p>\n\n\n\n<p class=\"wp-block-paragraph\">En el impacto su moto rebot\u00f3 mientras \u00e9l cay\u00f3 sobre el carril contrario.<\/p>\n\n\n\n<p class=\"wp-block-paragraph\">El incidente tom\u00f3 por sorpresa al conductor de un Fiat Argo, que reaccion\u00f3 con una brusca maniobra de esquive pero no pudo evitar arrollarlo.<\/p>\n\n\n\n<p class=\"wp-block-paragraph\">En ese preciso instante hab\u00eda 2 patrulleros en la cuadra: uno estacional y el otro en circulaci\u00f3n. Los efectivos corrieron a auxiliarlo pero el hombre hab\u00eda muerto en el acto.<\/p>\n\n\n\n<p class=\"wp-block-paragraph\">El automovilista aminor\u00f3 la marcha pero opt\u00f3 por virar a la izquierda y retirarse del lugar.<\/p>\n\n\n\n<p class=\"wp-block-paragraph\">A partir de las im\u00e1genes de las c\u00e1maras de seguridad que captaron la tragedia, el auto fue individualizado y su propietario identificado. Poco despu\u00e9s lo detuvieron en su casa de la avenida Piacentini a unas 15 cuadras del lugar del siniestro.<\/p>\n\n\n\n<iframe loading=\"lazy\" src=\"https:\/\/www.facebook.com\/plugins\/video.php?height=361&#038;href=https%3A%2F%2Fwww.facebook.com%2Freel%2F2514043295689047%2F&#038;show_text=false&#038;width=560&#038;t=0\" width=\"560\" height=\"361\" style=\"border:none;overflow:hidden\" scrolling=\"no\" frameborder=\"0\" allowfullscreen=\"true\" allow=\"autoplay; clipboard-write; encrypted-media; picture-in-picture; web-share\" allowFullScreen=\"true\"><\/iframe>\n\n\n\n<figure class=\"wp-block-image size-full\"><img loading=\"lazy\" decoding=\"async\" width=\"720\" height=\"90\" src=\"http:\/\/hdpnoticias.com.ar\/wp-content\/uploads\/2024\/05\/Copy-of-720x90-1.gif\" alt=\"\" class=\"wp-image-6806\"\/><\/figure>\n\n\n\n<figure class=\"wp-block-image size-full\"><img loading=\"lazy\" decoding=\"async\" width=\"720\" height=\"90\" src=\"http:\/\/hdpnoticias.com.ar\/wp-content\/uploads\/2024\/05\/Obras-Publicas.gif\" alt=\"\" class=\"wp-image-6818\"\/><\/figure>\n\n\n\n<p class=\"wp-block-paragraph\"><\/p>\n","protected":false},"excerpt":{"rendered":"<p>Minutos despu\u00e9s de las 19 de este domingo, Jonathan Velazco C\u00f3rdoba, de 48 a\u00f1os, muri\u00f3 en un particular accidente de tr\u00e1nsito en la avenida Castelli al 2350, en la zona sur de Resistencia. Circulaba en motocicleta sentido hacia Barranqueras cuando tras cruzar la calle 15 se desvi\u00f3 hacia la izquierda e impact\u00f3 contra una columna [&hellip;]<\/p>\n","protected":false},"author":1,"featured_media":15454,"comment_status":"open","ping_status":"open","sticky":false,"template":"","format":"standard","meta":{"footnotes":""},"categories":[26],"tags":[6123,129,3983,154,92,49,100,6122],"class_list":["post-15453","post","type-post","status-publish","format-standard","has-post-thumbnail","hentry","category-policiales","tag-argo","tag-castelli","tag-colombiano","tag-fiat","tag-motociclista","tag-resistencia","tag-tragedia","tag-zonz-sur"],"_links":{"self":[{"href":"https:\/\/hdpnoticias.com.ar\/index.php?rest_route=\/wp\/v2\/posts\/15453","targetHints":{"allow":["GET"]}}],"collection":[{"href":"https:\/\/hdpnoticias.com.ar\/index.php?rest_route=\/wp\/v2\/posts"}],"about":[{"href":"https:\/\/hdpnoticias.com.ar\/index.php?rest_route=\/wp\/v2\/types\/post"}],"author":[{"embeddable":true,"href":"https:\/\/hdpnoticias.com.ar\/index.php?rest_route=\/wp\/v2\/users\/1"}],"replies":[{"embeddable":true,"href":"https:\/\/hdpnoticias.com.ar\/index.php?rest_route=%2Fwp%2Fv2%2Fcomments&post=15453"}],"version-history":[{"count":1,"href":"https:\/\/hdpnoticias.com.ar\/index.php?rest_route=\/wp\/v2\/posts\/15453\/revisions"}],"predecessor-version":[{"id":15455,"href":"https:\/\/hdpnoticias.com.ar\/index.php?rest_route=\/wp\/v2\/posts\/15453\/revisions\/15455"}],"wp:featuredmedia":[{"embeddable":true,"href":"https:\/\/hdpnoticias.com.ar\/index.php?rest_route=\/wp\/v2\/media\/15454"}],"wp:attachment":[{"href":"https:\/\/hdpnoticias.com.ar\/index.php?rest_route=%2Fwp%2Fv2%2Fmedia&parent=15453"}],"wp:term":[{"taxonomy":"category","embeddable":true,"href":"https:\/\/hdpnoticias.com.ar\/index.php?rest_route=%2Fwp%2Fv2%2Fcategories&post=15453"},{"taxonomy":"post_tag","embeddable":true,"href":"https:\/\/hdpnoticias.com.ar\/index.php?rest_route=%2Fwp%2Fv2%2Ftags&post=15453"}],"curies":[{"name":"wp","href":"https:\/\/api.w.org\/{rel}","templated":true}]}}