{"id":1516,"date":"2023-03-29T15:49:47","date_gmt":"2023-03-29T18:49:47","guid":{"rendered":"http:\/\/hdpnoticias.com.ar\/?p=1516"},"modified":"2023-03-29T15:49:51","modified_gmt":"2023-03-29T18:49:51","slug":"crimen-del-camionero-cayo-poro-el-otro-sospechoso","status":"publish","type":"post","link":"https:\/\/hdpnoticias.com.ar\/?p=1516","title":{"rendered":"Crimen del camionero: cay\u00f3 \u201cPoro\u201d, el otro sospechoso"},"content":{"rendered":"\n<p>La ma\u00f1ana de este mi\u00e9rcoles la Polic\u00eda detuvo en su casa del barrio sur de Avia Terai, a Oscar Alfredo C\u00e1rdenas, de 26 a\u00f1os, sindicado como integrante de la banda que el pasado 21 de marzo <strong><a href=\"http:\/\/hdpnoticias.com.ar\/?p=1401\" target=\"_blank\" rel=\"noreferrer noopener\">asesin\u00f3 al camionero Fernando Francovich<\/a><\/strong>, de 32, en la ruta nacional 16, en Concepci\u00f3n del Bermejo.<\/p>\n\n\n\n<p>Conocido como \u201cPoro\u201d, se suma a <strong><a rel=\"noreferrer noopener\" href=\"http:\/\/hdpnoticias.com.ar\/?p=1486\" target=\"_blank\">Celestino \u201cTino\u201d C\u00e1rdenas<\/a><\/strong>, de 50 a\u00f1os, detenido el lunes, tambi\u00e9n en Avia Terai.<\/p>\n\n\n\n<p>Francovich, oriundo de Villa Ocampo, conduc\u00eda un Scania y acababa de descargar un equipo completo de harina, flete por el que hab\u00eda percibido unos 300 mil pesos. Iba en busca de una nueva carga cuando fue abordado por 3 hombres a bordo de una Ford Ranger blanca. Quisieron robarle y al resistirse lo acribillaron.<\/p>\n\n\n\n<p>Herido busc\u00f3 auxilio en una estaci\u00f3n de servicio, desde ah\u00ed fue trasladado al hospital 4 de Junio, de Presidencia Roque S\u00e1enz Pe\u00f1a, donde muri\u00f3.<\/p>\n","protected":false},"excerpt":{"rendered":"<p>La ma\u00f1ana de este mi\u00e9rcoles la Polic\u00eda detuvo en su casa del barrio sur de Avia Terai, a Oscar Alfredo C\u00e1rdenas, de 26 a\u00f1os, sindicado como integrante de la banda que el pasado 21 de marzo asesin\u00f3 al camionero Fernando Francovich, de 32, en la ruta nacional 16, en Concepci\u00f3n del Bermejo. Conocido como \u201cPoro\u201d, [&hellip;]<\/p>\n","protected":false},"author":1,"featured_media":1517,"comment_status":"open","ping_status":"open","sticky":false,"template":"","format":"standard","meta":{"footnotes":""},"categories":[26],"tags":[214,158,1018,87,624,712,95,754,717],"class_list":["post-1516","post","type-post","status-publish","format-standard","has-post-thumbnail","hentry","category-policiales","tag-avia-terai","tag-camionero","tag-concepcion-del-bermejo","tag-crimen","tag-ford","tag-ranger","tag-saenz-pena","tag-scania","tag-villa-ocampo"],"_links":{"self":[{"href":"https:\/\/hdpnoticias.com.ar\/index.php?rest_route=\/wp\/v2\/posts\/1516","targetHints":{"allow":["GET"]}}],"collection":[{"href":"https:\/\/hdpnoticias.com.ar\/index.php?rest_route=\/wp\/v2\/posts"}],"about":[{"href":"https:\/\/hdpnoticias.com.ar\/index.php?rest_route=\/wp\/v2\/types\/post"}],"author":[{"embeddable":true,"href":"https:\/\/hdpnoticias.com.ar\/index.php?rest_route=\/wp\/v2\/users\/1"}],"replies":[{"embeddable":true,"href":"https:\/\/hdpnoticias.com.ar\/index.php?rest_route=%2Fwp%2Fv2%2Fcomments&post=1516"}],"version-history":[{"count":1,"href":"https:\/\/hdpnoticias.com.ar\/index.php?rest_route=\/wp\/v2\/posts\/1516\/revisions"}],"predecessor-version":[{"id":1518,"href":"https:\/\/hdpnoticias.com.ar\/index.php?rest_route=\/wp\/v2\/posts\/1516\/revisions\/1518"}],"wp:featuredmedia":[{"embeddable":true,"href":"https:\/\/hdpnoticias.com.ar\/index.php?rest_route=\/wp\/v2\/media\/1517"}],"wp:attachment":[{"href":"https:\/\/hdpnoticias.com.ar\/index.php?rest_route=%2Fwp%2Fv2%2Fmedia&parent=1516"}],"wp:term":[{"taxonomy":"category","embeddable":true,"href":"https:\/\/hdpnoticias.com.ar\/index.php?rest_route=%2Fwp%2Fv2%2Fcategories&post=1516"},{"taxonomy":"post_tag","embeddable":true,"href":"https:\/\/hdpnoticias.com.ar\/index.php?rest_route=%2Fwp%2Fv2%2Ftags&post=1516"}],"curies":[{"name":"wp","href":"https:\/\/api.w.org\/{rel}","templated":true}]}}