{"id":1463,"date":"2023-03-26T09:29:36","date_gmt":"2023-03-26T12:29:36","guid":{"rendered":"http:\/\/hdpnoticias.com.ar\/?p=1463"},"modified":"2023-03-26T09:29:38","modified_gmt":"2023-03-26T12:29:38","slug":"elecciones-primarias-capitanich-reunio-a-sus-intendentes-en-casa-de-gobierno","status":"publish","type":"post","link":"https:\/\/hdpnoticias.com.ar\/?p=1463","title":{"rendered":"Elecciones primarias: Capitanich reuni\u00f3 a sus intendentes en Casa de Gobierno"},"content":{"rendered":"\n<p>El gobernador Jorge Capitanich reuni\u00f3 en la Casa de Gobierno al \u201cForo de Intendentes del Frente Chaque\u00f1o\u201d, su espacio pol\u00edtico dentro del Frente de Todos, para trazar la estrategia para enfrentar las pr\u00f3ximas elecciones.<\/p>\n\n\n\n<p>\u201cTrabajamos en el dise\u00f1o de nuevas medidas que agilicen la ejecuci\u00f3n de m\u00e1s obras, la implementaci\u00f3n de las pol\u00edticas p\u00fablicas y en la organizaci\u00f3n del espacio para las pr\u00f3ximas elecciones\u201d, resumi\u00f3 el temario del encuentro.<\/p>\n\n\n\n<p>Con el Sal\u00f3n Obligado convertido en sede partidaria, Capitanich instruy\u00f3 a sus intendentes buscar \u201cconsensos\u201d para no arriesgar capital electoral en las Paso.<\/p>\n\n\n\n<p>Hasta ac\u00e1 la gran mayor\u00eda de ellos aspira a la reelecci\u00f3n. Aunque aseguran que \u201clo importante es el proyecto\u201d, buscan apuntalar su gesti\u00f3n para revertir alguna medici\u00f3n poco favorable. Para eso, acordaron con el Gobernador una bater\u00eda de anuncios de obras p\u00fablicas. <\/p>\n","protected":false},"excerpt":{"rendered":"<p>El gobernador Jorge Capitanich reuni\u00f3 en la Casa de Gobierno al \u201cForo de Intendentes del Frente Chaque\u00f1o\u201d, su espacio pol\u00edtico dentro del Frente de Todos, para trazar la estrategia para enfrentar las pr\u00f3ximas elecciones. \u201cTrabajamos en el dise\u00f1o de nuevas medidas que agilicen la ejecuci\u00f3n de m\u00e1s obras, la implementaci\u00f3n de las pol\u00edticas p\u00fablicas y [&hellip;]<\/p>\n","protected":false},"author":1,"featured_media":1464,"comment_status":"open","ping_status":"open","sticky":false,"template":"","format":"standard","meta":{"footnotes":""},"categories":[27],"tags":[29,1052,349,1051,249,245,350],"class_list":["post-1463","post","type-post","status-publish","format-standard","has-post-thumbnail","hentry","category-politica","tag-capitanich","tag-frente-chaqueno","tag-frente-de-todos","tag-intendentes","tag-paso","tag-primarias","tag-reeleccion"],"_links":{"self":[{"href":"https:\/\/hdpnoticias.com.ar\/index.php?rest_route=\/wp\/v2\/posts\/1463","targetHints":{"allow":["GET"]}}],"collection":[{"href":"https:\/\/hdpnoticias.com.ar\/index.php?rest_route=\/wp\/v2\/posts"}],"about":[{"href":"https:\/\/hdpnoticias.com.ar\/index.php?rest_route=\/wp\/v2\/types\/post"}],"author":[{"embeddable":true,"href":"https:\/\/hdpnoticias.com.ar\/index.php?rest_route=\/wp\/v2\/users\/1"}],"replies":[{"embeddable":true,"href":"https:\/\/hdpnoticias.com.ar\/index.php?rest_route=%2Fwp%2Fv2%2Fcomments&post=1463"}],"version-history":[{"count":1,"href":"https:\/\/hdpnoticias.com.ar\/index.php?rest_route=\/wp\/v2\/posts\/1463\/revisions"}],"predecessor-version":[{"id":1465,"href":"https:\/\/hdpnoticias.com.ar\/index.php?rest_route=\/wp\/v2\/posts\/1463\/revisions\/1465"}],"wp:featuredmedia":[{"embeddable":true,"href":"https:\/\/hdpnoticias.com.ar\/index.php?rest_route=\/wp\/v2\/media\/1464"}],"wp:attachment":[{"href":"https:\/\/hdpnoticias.com.ar\/index.php?rest_route=%2Fwp%2Fv2%2Fmedia&parent=1463"}],"wp:term":[{"taxonomy":"category","embeddable":true,"href":"https:\/\/hdpnoticias.com.ar\/index.php?rest_route=%2Fwp%2Fv2%2Fcategories&post=1463"},{"taxonomy":"post_tag","embeddable":true,"href":"https:\/\/hdpnoticias.com.ar\/index.php?rest_route=%2Fwp%2Fv2%2Ftags&post=1463"}],"curies":[{"name":"wp","href":"https:\/\/api.w.org\/{rel}","templated":true}]}}