{"id":1455,"date":"2023-03-25T21:58:38","date_gmt":"2023-03-26T00:58:38","guid":{"rendered":"http:\/\/hdpnoticias.com.ar\/?p=1455"},"modified":"2023-03-25T21:58:40","modified_gmt":"2023-03-26T00:58:40","slug":"video-crimen-de-francovich-camioneros-exigieron-justicia-en-concepcion-del-bermejo","status":"publish","type":"post","link":"https:\/\/hdpnoticias.com.ar\/?p=1455","title":{"rendered":"VIDEO | Crimen de Francovich: camioneros exigieron justicia en Concepci\u00f3n del Bermejo"},"content":{"rendered":"\n<p>Decenas de camiones hicieron sonar sus bocinas en la ruta nacional 16, en el acceso a Concepci\u00f3n del Bermejo, en el lugar en el que Fernando Francovich cay\u00f3 herido de muerte tras ser acribillado por piratas del asfalto cuando conduc\u00eda su Scania.<\/p>\n\n\n\n<p>Ten\u00eda 32 a\u00f1os. La siesta del \u00faltimo martes le dispararon desde una Ford Ranger blanca y escap\u00f3 a toda velocidad en el cami\u00f3n para pedir auxilio en una estaci\u00f3n de servicio. Fue trasladado al hospital 4 de Junio, de Presidencia Roque S\u00e1enz Pe\u00f1a, donde muri\u00f3.<\/p>\n\n\n\n<p>Familiares y camioneros, la mayor\u00eda proveniente de Santa Fe, se manifestaron este s\u00e1bado exigiendo a las autoridades de Seguridad y la Justicia del Chaco el urgente esclarecimiento del crimen y castigo para los asesinos.<\/p>\n\n\n\n<p>El viernes hubo una serie de allanamientos en Avia Terai y S\u00e1enz Pe\u00f1a, donde fueron detenidos un hombre de 42 a\u00f1os y un adolescente, hijo de otro sospechoso de integrar la banda.<\/p>\n\n\n\n<iframe loading=\"lazy\" src=\"https:\/\/www.facebook.com\/plugins\/video.php?height=476&#038;href=https%3A%2F%2Fwww.facebook.com%2Fhdpchaco%2Fvideos%2F708752457710976%2F&#038;show_text=false&#038;width=261&#038;t=0\" width=\"261\" height=\"476\" style=\"border:none;overflow:hidden\" scrolling=\"no\" frameborder=\"0\" allowfullscreen=\"true\" allow=\"autoplay; clipboard-write; encrypted-media; picture-in-picture; web-share\" allowFullScreen=\"true\"><\/iframe>\n","protected":false},"excerpt":{"rendered":"<p>Decenas de camiones hicieron sonar sus bocinas en la ruta nacional 16, en el acceso a Concepci\u00f3n del Bermejo, en el lugar en el que Fernando Francovich cay\u00f3 herido de muerte tras ser acribillado por piratas del asfalto cuando conduc\u00eda su Scania. Ten\u00eda 32 a\u00f1os. La siesta del \u00faltimo martes le dispararon desde una Ford [&hellip;]<\/p>\n","protected":false},"author":1,"featured_media":1456,"comment_status":"open","ping_status":"open","sticky":false,"template":"","format":"standard","meta":{"footnotes":""},"categories":[6],"tags":[275,158,87,624,712,95,716,754],"class_list":["post-1455","post","type-post","status-publish","format-standard","has-post-thumbnail","hentry","category-info-general","tag-asesinato","tag-camionero","tag-crimen","tag-ford","tag-ranger","tag-saenz-pena","tag-santa-fe","tag-scania"],"_links":{"self":[{"href":"https:\/\/hdpnoticias.com.ar\/index.php?rest_route=\/wp\/v2\/posts\/1455","targetHints":{"allow":["GET"]}}],"collection":[{"href":"https:\/\/hdpnoticias.com.ar\/index.php?rest_route=\/wp\/v2\/posts"}],"about":[{"href":"https:\/\/hdpnoticias.com.ar\/index.php?rest_route=\/wp\/v2\/types\/post"}],"author":[{"embeddable":true,"href":"https:\/\/hdpnoticias.com.ar\/index.php?rest_route=\/wp\/v2\/users\/1"}],"replies":[{"embeddable":true,"href":"https:\/\/hdpnoticias.com.ar\/index.php?rest_route=%2Fwp%2Fv2%2Fcomments&post=1455"}],"version-history":[{"count":1,"href":"https:\/\/hdpnoticias.com.ar\/index.php?rest_route=\/wp\/v2\/posts\/1455\/revisions"}],"predecessor-version":[{"id":1457,"href":"https:\/\/hdpnoticias.com.ar\/index.php?rest_route=\/wp\/v2\/posts\/1455\/revisions\/1457"}],"wp:featuredmedia":[{"embeddable":true,"href":"https:\/\/hdpnoticias.com.ar\/index.php?rest_route=\/wp\/v2\/media\/1456"}],"wp:attachment":[{"href":"https:\/\/hdpnoticias.com.ar\/index.php?rest_route=%2Fwp%2Fv2%2Fmedia&parent=1455"}],"wp:term":[{"taxonomy":"category","embeddable":true,"href":"https:\/\/hdpnoticias.com.ar\/index.php?rest_route=%2Fwp%2Fv2%2Fcategories&post=1455"},{"taxonomy":"post_tag","embeddable":true,"href":"https:\/\/hdpnoticias.com.ar\/index.php?rest_route=%2Fwp%2Fv2%2Ftags&post=1455"}],"curies":[{"name":"wp","href":"https:\/\/api.w.org\/{rel}","templated":true}]}}