{"id":1449,"date":"2023-03-24T22:30:51","date_gmt":"2023-03-25T01:30:51","guid":{"rendered":"http:\/\/hdpnoticias.com.ar\/?p=1449"},"modified":"2023-03-24T22:30:54","modified_gmt":"2023-03-25T01:30:54","slug":"nueva-pompeya-incorporaran-30-policias-indigenas-e-indemnizaran-a-las-victimas-de-la-violencia","status":"publish","type":"post","link":"https:\/\/hdpnoticias.com.ar\/?p=1449","title":{"rendered":"Nueva Pompeya: incorporar\u00e1n 30 polic\u00edas ind\u00edgenas e indemnizar\u00e1n a las v\u00edctimas de la violencia"},"content":{"rendered":"\n<p>Funcionarios del Poder Ejecutivo encabezados por el gobernador Jorge Capitanich, del Poder Legislativo y del Poder Judicial, firmaron un \u201cacuerdo de paz\u201d con referentes de las comunidades originarias de Misi\u00f3n Nueva Pompeya despu\u00e9s de la escalada de violencia vivida en esa ciudad de El Impenetrable.<\/p>\n\n\n\n<p>En el convenio qued\u00f3 plasmada la participaci\u00f3n de delegados de los pueblos originarios en los foros de seguridad y una participaci\u00f3n m\u00e1s activa en los procesos para garantizar el acceso a la justicia.<\/p>\n\n\n\n<p>Adem\u00e1s, capacitar\u00e1n a 30 aspirantes ind\u00edgenas en el Instituto Superior de Seguridad P\u00fablica para ser incorporados a la Polic\u00eda del Chaco. Tambi\u00e9n capacitar\u00e1n a una comisi\u00f3n para la b\u00fasqueda de personas.<\/p>\n\n\n\n<p>El gobernador tambi\u00e9n adelant\u00f3 que firmar\u00e1 un decreto asignando una indemnizaci\u00f3n a las \u201cv\u00edctimas\u201d de los \u00faltimos actos de violencia que incluyeron la toma de la comisar\u00eda y del Juzgado Multifueros. Por ahora no hay precisiones de qui\u00e9nes son las v\u00edctimas y en qu\u00e9 consistir\u00e1 la indemnizaci\u00f3n.<\/p>\n\n\n\n<p>Las partes acordaron mantener una nueva reuni\u00f3n en Misi\u00f3n Nueva Pompeya.<\/p>\n\n\n\n<p>Mientras, la Polic\u00eda no logra hallar pista alguna de Salustiano Gim\u00e9nez, de 17 a\u00f1os, desaparecido el 12 de febrero. El caso fue el detonante de la violenta revuelta.<\/p>\n","protected":false},"excerpt":{"rendered":"<p>Funcionarios del Poder Ejecutivo encabezados por el gobernador Jorge Capitanich, del Poder Legislativo y del Poder Judicial, firmaron un \u201cacuerdo de paz\u201d con referentes de las comunidades originarias de Misi\u00f3n Nueva Pompeya despu\u00e9s de la escalada de violencia vivida en esa ciudad de El Impenetrable. En el convenio qued\u00f3 plasmada la participaci\u00f3n de delegados de [&hellip;]<\/p>\n","protected":false},"author":1,"featured_media":1450,"comment_status":"open","ping_status":"open","sticky":false,"template":"","format":"standard","meta":{"footnotes":""},"categories":[27],"tags":[29,37,417,1041,824,924,347],"class_list":["post-1449","post","type-post","status-publish","format-standard","has-post-thumbnail","hentry","category-politica","tag-capitanich","tag-chaco","tag-el-impenetrable","tag-indemnizacion","tag-mision-nueva-pompeya-2","tag-policias","tag-violencia"],"_links":{"self":[{"href":"https:\/\/hdpnoticias.com.ar\/index.php?rest_route=\/wp\/v2\/posts\/1449","targetHints":{"allow":["GET"]}}],"collection":[{"href":"https:\/\/hdpnoticias.com.ar\/index.php?rest_route=\/wp\/v2\/posts"}],"about":[{"href":"https:\/\/hdpnoticias.com.ar\/index.php?rest_route=\/wp\/v2\/types\/post"}],"author":[{"embeddable":true,"href":"https:\/\/hdpnoticias.com.ar\/index.php?rest_route=\/wp\/v2\/users\/1"}],"replies":[{"embeddable":true,"href":"https:\/\/hdpnoticias.com.ar\/index.php?rest_route=%2Fwp%2Fv2%2Fcomments&post=1449"}],"version-history":[{"count":1,"href":"https:\/\/hdpnoticias.com.ar\/index.php?rest_route=\/wp\/v2\/posts\/1449\/revisions"}],"predecessor-version":[{"id":1451,"href":"https:\/\/hdpnoticias.com.ar\/index.php?rest_route=\/wp\/v2\/posts\/1449\/revisions\/1451"}],"wp:featuredmedia":[{"embeddable":true,"href":"https:\/\/hdpnoticias.com.ar\/index.php?rest_route=\/wp\/v2\/media\/1450"}],"wp:attachment":[{"href":"https:\/\/hdpnoticias.com.ar\/index.php?rest_route=%2Fwp%2Fv2%2Fmedia&parent=1449"}],"wp:term":[{"taxonomy":"category","embeddable":true,"href":"https:\/\/hdpnoticias.com.ar\/index.php?rest_route=%2Fwp%2Fv2%2Fcategories&post=1449"},{"taxonomy":"post_tag","embeddable":true,"href":"https:\/\/hdpnoticias.com.ar\/index.php?rest_route=%2Fwp%2Fv2%2Ftags&post=1449"}],"curies":[{"name":"wp","href":"https:\/\/api.w.org\/{rel}","templated":true}]}}