{"id":1446,"date":"2023-03-24T21:47:05","date_gmt":"2023-03-25T00:47:05","guid":{"rendered":"http:\/\/hdpnoticias.com.ar\/?p=1446"},"modified":"2023-03-24T21:47:07","modified_gmt":"2023-03-25T00:47:07","slug":"crimen-del-camionero-varios-allanamientos-y-2-detenidos","status":"publish","type":"post","link":"https:\/\/hdpnoticias.com.ar\/?p=1446","title":{"rendered":"Crimen del camionero: varios allanamientos y 2 detenidos"},"content":{"rendered":"\n<p>Este viernes se realizaron 7 allanamientos en Avia Terai y Presidencia Roque S\u00e1enz Pe\u00f1a en el marco de la investigaci\u00f3n del asesinato del camionero Fernando Francovich, de 32 a\u00f1os, acribillado la siesta del martes en la ruta nacional 16, en Concepci\u00f3n del Bermejo.<\/p>\n\n\n\n<p>El mega operativo termin\u00f3 con la detenci\u00f3n de un hombre de 42 a\u00f1os, sindicado como integrante de la banda que cometi\u00f3 el crimen, que estar\u00eda vinculada a un hecho similar ocurrido en inmediaciones de Villa \u00c1ngela.<\/p>\n\n\n\n<p>Tambi\u00e9n fue aprehendido un adolescente, hijo de otro de los sospechosos.<\/p>\n\n\n\n<p>Mientras, contin\u00faa la investigaci\u00f3n y la b\u00fasqueda de los presuntos involucrados con operativos que se extendieron hasta la zona rural entre Concepci\u00f3n del Bermejo y S\u00e1enz Pe\u00f1a.<\/p>\n","protected":false},"excerpt":{"rendered":"<p>Este viernes se realizaron 7 allanamientos en Avia Terai y Presidencia Roque S\u00e1enz Pe\u00f1a en el marco de la investigaci\u00f3n del asesinato del camionero Fernando Francovich, de 32 a\u00f1os, acribillado la siesta del martes en la ruta nacional 16, en Concepci\u00f3n del Bermejo. El mega operativo termin\u00f3 con la detenci\u00f3n de un hombre de 42 [&hellip;]<\/p>\n","protected":false},"author":1,"featured_media":1447,"comment_status":"open","ping_status":"open","sticky":false,"template":"","format":"standard","meta":{"footnotes":""},"categories":[26],"tags":[1040,158,87,285,218,95],"class_list":["post-1446","post","type-post","status-publish","format-standard","has-post-thumbnail","hentry","category-policiales","tag-allanamientos","tag-camionero","tag-crimen","tag-detenidos","tag-ruta-16","tag-saenz-pena"],"_links":{"self":[{"href":"https:\/\/hdpnoticias.com.ar\/index.php?rest_route=\/wp\/v2\/posts\/1446","targetHints":{"allow":["GET"]}}],"collection":[{"href":"https:\/\/hdpnoticias.com.ar\/index.php?rest_route=\/wp\/v2\/posts"}],"about":[{"href":"https:\/\/hdpnoticias.com.ar\/index.php?rest_route=\/wp\/v2\/types\/post"}],"author":[{"embeddable":true,"href":"https:\/\/hdpnoticias.com.ar\/index.php?rest_route=\/wp\/v2\/users\/1"}],"replies":[{"embeddable":true,"href":"https:\/\/hdpnoticias.com.ar\/index.php?rest_route=%2Fwp%2Fv2%2Fcomments&post=1446"}],"version-history":[{"count":1,"href":"https:\/\/hdpnoticias.com.ar\/index.php?rest_route=\/wp\/v2\/posts\/1446\/revisions"}],"predecessor-version":[{"id":1448,"href":"https:\/\/hdpnoticias.com.ar\/index.php?rest_route=\/wp\/v2\/posts\/1446\/revisions\/1448"}],"wp:featuredmedia":[{"embeddable":true,"href":"https:\/\/hdpnoticias.com.ar\/index.php?rest_route=\/wp\/v2\/media\/1447"}],"wp:attachment":[{"href":"https:\/\/hdpnoticias.com.ar\/index.php?rest_route=%2Fwp%2Fv2%2Fmedia&parent=1446"}],"wp:term":[{"taxonomy":"category","embeddable":true,"href":"https:\/\/hdpnoticias.com.ar\/index.php?rest_route=%2Fwp%2Fv2%2Fcategories&post=1446"},{"taxonomy":"post_tag","embeddable":true,"href":"https:\/\/hdpnoticias.com.ar\/index.php?rest_route=%2Fwp%2Fv2%2Ftags&post=1446"}],"curies":[{"name":"wp","href":"https:\/\/api.w.org\/{rel}","templated":true}]}}