{"id":14298,"date":"2026-04-29T19:42:00","date_gmt":"2026-04-29T22:42:00","guid":{"rendered":"https:\/\/hdpnoticias.com.ar\/?p=14298"},"modified":"2026-04-30T07:47:56","modified_gmt":"2026-04-30T10:47:56","slug":"insssep-el-pj-no-consiguio-quorum-para-interpelar-a-meneses","status":"publish","type":"post","link":"https:\/\/hdpnoticias.com.ar\/?p=14298","title":{"rendered":"Insssep: el PJ no consigui\u00f3 qu\u00f3rum para interpelar a Meneses"},"content":{"rendered":"\n<figure class=\"wp-block-image size-full\"><img loading=\"lazy\" decoding=\"async\" width=\"728\" height=\"90\" src=\"http:\/\/hdpnoticias.com.ar\/wp-content\/uploads\/2024\/05\/Nachec.gif\" alt=\"\" class=\"wp-image-6814\"\/><\/figure>\n\n\n\n<p>La C\u00e1mara de Diputados aval\u00f3 en sesi\u00f3n especial la designaci\u00f3n de Rafael Meneses como presidente del directorio del Insssep, formalidad que estaba pendiente. El respaldo lleg\u00f3 con los votos del oficialismo y, llamativamente, varios de la oposici\u00f3n.<\/p>\n\n\n\n<p>La designaci\u00f3n de Meneses dividi\u00f3 al interbloque Chaco Merece M\u00e1s entre quienes votaron&nbsp; a favor, los que lo hicieron en contra y quienes prefirieron abstenerse, adem\u00e1s de Atlanto Honcheruk, que no asisti\u00f3.<\/p>\n\n\n\n<p>Los que votaron a favor de su designaci\u00f3n intentaron recursos dial\u00e9cticos para argumentar su postura mientras por otro lado consideran que no est\u00e1 a la altura de las circunstancias y piden su renuncia.<\/p>\n\n\n\n<p>Casualmente, este mismo mi\u00e9rcoles, en otra instancia especial, estaba prevista la interpelaci\u00f3n al mismo Meneses, pedida por la misma oposici\u00f3n. Finalmente esto no ocurri\u00f3 porque a la hora indicada los diputados opositores no alcanzaron el n\u00famero necesario para sostener la sesi\u00f3n que termin\u00f3 en otro fracaso por falta de qu\u00f3rum.<\/p>\n\n\n\n<p>Un episodio similar se dio el pasado cuando el ministro de Producci\u00f3n: Oscar Dudik, a instancias de la bancada opositora, acudi\u00f3 para ser interpelado. Durante su exposici\u00f3n, la sesi\u00f3n qued\u00f3 sin qu\u00f3rum cuando 4 legisladores coquistas se retiraron para cumplir con compromisos que, obviamente, consideraron m\u00e1s relevantes.<\/p>\n\n\n\n<p>Tanto en el caso de la interpelaci\u00f3n a Ducik, como la de este mi\u00e9rcoles a Meneses, el oficialismo consider\u00f3 que se trataba de un mero \u201ccirco\u201d montado por la oposici\u00f3n procurando obtener un golpe de efecto medi\u00e1tico, y que no hab\u00eda un genuino inter\u00e9s en exigir explicaciones a los funcionarios.<\/p>\n\n\n\n<figure class=\"wp-block-image size-full\"><img loading=\"lazy\" decoding=\"async\" width=\"720\" height=\"90\" src=\"http:\/\/hdpnoticias.com.ar\/wp-content\/uploads\/2024\/05\/Obras-Publicas.gif\" alt=\"\" class=\"wp-image-6818\"\/><\/figure>\n\n\n\n<figure class=\"wp-block-image size-full\"><img loading=\"lazy\" decoding=\"async\" width=\"720\" height=\"90\" src=\"http:\/\/hdpnoticias.com.ar\/wp-content\/uploads\/2024\/05\/Copy-of-720x90-1.gif\" alt=\"\" class=\"wp-image-6806\"\/><\/figure>\n","protected":false},"excerpt":{"rendered":"<p>La C\u00e1mara de Diputados aval\u00f3 en sesi\u00f3n especial la designaci\u00f3n de Rafael Meneses como presidente del directorio del Insssep, formalidad que estaba pendiente. El respaldo lleg\u00f3 con los votos del oficialismo y, llamativamente, varios de la oposici\u00f3n. La designaci\u00f3n de Meneses dividi\u00f3 al interbloque Chaco Merece M\u00e1s entre quienes votaron&nbsp; a favor, los que lo [&hellip;]<\/p>\n","protected":false},"author":1,"featured_media":14299,"comment_status":"open","ping_status":"open","sticky":false,"template":"","format":"standard","meta":{"footnotes":""},"categories":[27],"tags":[2713,71,2255,1182,4763,45,2419],"class_list":["post-14298","post","type-post","status-publish","format-standard","has-post-thumbnail","hentry","category-politica","tag-coquismo","tag-diputados","tag-fracaso","tag-insssep","tag-interpelacion","tag-legislatura","tag-quorum"],"_links":{"self":[{"href":"https:\/\/hdpnoticias.com.ar\/index.php?rest_route=\/wp\/v2\/posts\/14298","targetHints":{"allow":["GET"]}}],"collection":[{"href":"https:\/\/hdpnoticias.com.ar\/index.php?rest_route=\/wp\/v2\/posts"}],"about":[{"href":"https:\/\/hdpnoticias.com.ar\/index.php?rest_route=\/wp\/v2\/types\/post"}],"author":[{"embeddable":true,"href":"https:\/\/hdpnoticias.com.ar\/index.php?rest_route=\/wp\/v2\/users\/1"}],"replies":[{"embeddable":true,"href":"https:\/\/hdpnoticias.com.ar\/index.php?rest_route=%2Fwp%2Fv2%2Fcomments&post=14298"}],"version-history":[{"count":1,"href":"https:\/\/hdpnoticias.com.ar\/index.php?rest_route=\/wp\/v2\/posts\/14298\/revisions"}],"predecessor-version":[{"id":14300,"href":"https:\/\/hdpnoticias.com.ar\/index.php?rest_route=\/wp\/v2\/posts\/14298\/revisions\/14300"}],"wp:featuredmedia":[{"embeddable":true,"href":"https:\/\/hdpnoticias.com.ar\/index.php?rest_route=\/wp\/v2\/media\/14299"}],"wp:attachment":[{"href":"https:\/\/hdpnoticias.com.ar\/index.php?rest_route=%2Fwp%2Fv2%2Fmedia&parent=14298"}],"wp:term":[{"taxonomy":"category","embeddable":true,"href":"https:\/\/hdpnoticias.com.ar\/index.php?rest_route=%2Fwp%2Fv2%2Fcategories&post=14298"},{"taxonomy":"post_tag","embeddable":true,"href":"https:\/\/hdpnoticias.com.ar\/index.php?rest_route=%2Fwp%2Fv2%2Ftags&post=14298"}],"curies":[{"name":"wp","href":"https:\/\/api.w.org\/{rel}","templated":true}]}}