{"id":14271,"date":"2026-04-27T21:14:58","date_gmt":"2026-04-28T00:14:58","guid":{"rendered":"https:\/\/hdpnoticias.com.ar\/?p=14271"},"modified":"2026-04-27T21:20:31","modified_gmt":"2026-04-28T00:20:31","slug":"la-falsa-medica-cayo-en-buenos-aires-dijo-que-estaba-a-punto-de-volver","status":"publish","type":"post","link":"https:\/\/hdpnoticias.com.ar\/?p=14271","title":{"rendered":"La falsa m\u00e9dica cay\u00f3 en Buenos Aires: dijo que estaba a punto de volver"},"content":{"rendered":"\n<figure class=\"wp-block-image size-full\"><img loading=\"lazy\" decoding=\"async\" width=\"720\" height=\"90\" src=\"http:\/\/hdpnoticias.com.ar\/wp-content\/uploads\/2024\/05\/Obras-Publicas.gif\" alt=\"\" class=\"wp-image-6818\"\/><\/figure>\n\n\n\n<p>Mabel Ojeda, la falsa m\u00e9dica que cubr\u00eda guardias en los hospitales de Quitilipi y de Presidencia de la Plaza, era requerida por la Justicia y desde hace varios d\u00edas pesaba sobre ella un pedido de detenci\u00f3n nacional.<\/p>\n\n\n\n<p>El fin de semana fue allanada su vivienda, en el barrio San Cayetano, de Presidencia Roque S\u00e1enz Pe\u00f1a, pero no pudo ser hallada. No obstante, los investigadores supieron que hab\u00eda viajado a Buenos Aires.<\/p>\n\n\n\n<p>Partiendo de esta informaci\u00f3n, la Polic\u00eda Bonaerense logr\u00f3 detenerla en el partido Tres de Febrero. Ahora se espera, v\u00eda exhorto, su traslado a la provincia del Chaco.<\/p>\n\n\n\n<p>El abogado C\u00e9sar L\u00f3pez, que asumi\u00f3 su defensa, dijo que ella estaba a derecho desde que tom\u00f3 conocimiento a trav\u00e9s de los medios de prensa y las redes sociales, del caso que la involucra y la orden de detenci\u00f3n en su contra.<\/p>\n\n\n\n<p>Por eso, seg\u00fan cont\u00f3, hab\u00eda solicitado la eximici\u00f3n de prisi\u00f3n, la que fue negada por el fiscal. Por eso, asegur\u00f3 que Ojeda ya hab\u00eda comprado el pasaje para regresar a S\u00e1enz Pe\u00f1a y presentarse la ma\u00f1ana del martes, pero fue detenida poco antes de emprender viaje.<\/p>\n\n\n\n<p><strong><a href=\"https:\/\/hdpnoticias.com.ar\/?p=14245\">La \u201cdoctora\u201d Ojeda fue desenmascarada <\/a><\/strong>por personal que compart\u00eda una guardia con ella al advertir su completo desconocimiento de cuestiones b\u00e1sicas de la medicina. Esto fue puesto en conocimiento del m\u00e9dico Orlando Di N\u00fabila, director de la Zona Sanitaria 2, que investig\u00f3 su situaci\u00f3n y supo que usurpaba la matr\u00edcula de un reconocido profesional de Juan Jos\u00e9 Castelli.<\/p>\n\n\n\n<p>Di N\u00fabila y el ministro de Salud P\u00fablica: Sergio Rodr\u00edguez, coincidieron en afirmar que no era personal del Ministerio, sino que los directores de los hospitales la convocaban espor\u00e1dicamente para cubrir guardias cuando no contaban con personal de planta para esa tarea.<\/p>\n\n\n\n<iframe loading=\"lazy\" src=\"https:\/\/www.facebook.com\/plugins\/video.php?height=476&#038;href=https%3A%2F%2Fwww.facebook.com%2Freel%2F1500558228323413%2F&#038;show_text=false&#038;width=264&#038;t=0\" width=\"264\" height=\"476\" style=\"border:none;overflow:hidden\" scrolling=\"no\" frameborder=\"0\" allowfullscreen=\"true\" allow=\"autoplay; clipboard-write; encrypted-media; picture-in-picture; web-share\" allowFullScreen=\"true\"><\/iframe>\n\n\n\n<figure class=\"wp-block-image size-full\"><img loading=\"lazy\" decoding=\"async\" width=\"728\" height=\"90\" src=\"http:\/\/hdpnoticias.com.ar\/wp-content\/uploads\/2024\/05\/Nachec.gif\" alt=\"\" class=\"wp-image-6814\"\/><\/figure>\n\n\n\n<figure class=\"wp-block-image size-full\"><img loading=\"lazy\" decoding=\"async\" width=\"720\" height=\"90\" src=\"http:\/\/hdpnoticias.com.ar\/wp-content\/uploads\/2024\/05\/Copy-of-720x90-1.gif\" alt=\"\" class=\"wp-image-6806\"\/><\/figure>\n","protected":false},"excerpt":{"rendered":"<p>Mabel Ojeda, la falsa m\u00e9dica que cubr\u00eda guardias en los hospitales de Quitilipi y de Presidencia de la Plaza, era requerida por la Justicia y desde hace varios d\u00edas pesaba sobre ella un pedido de detenci\u00f3n nacional. El fin de semana fue allanada su vivienda, en el barrio San Cayetano, de Presidencia Roque S\u00e1enz Pe\u00f1a, [&hellip;]<\/p>\n","protected":false},"author":1,"featured_media":14272,"comment_status":"open","ping_status":"open","sticky":false,"template":"","format":"standard","meta":{"footnotes":""},"categories":[6,26],"tags":[4453,37,5808,357,55,4359,196,95,425,5809,2360],"class_list":["post-14271","post","type-post","status-publish","format-standard","has-post-thumbnail","hentry","category-info-general","category-policiales","tag-bonaerense","tag-chaco","tag-falsa-medica","tag-plaza","tag-policia","tag-profuga","tag-quitilipi","tag-saenz-pena","tag-salud","tag-tres-de-febrero","tag-trucha"],"_links":{"self":[{"href":"https:\/\/hdpnoticias.com.ar\/index.php?rest_route=\/wp\/v2\/posts\/14271","targetHints":{"allow":["GET"]}}],"collection":[{"href":"https:\/\/hdpnoticias.com.ar\/index.php?rest_route=\/wp\/v2\/posts"}],"about":[{"href":"https:\/\/hdpnoticias.com.ar\/index.php?rest_route=\/wp\/v2\/types\/post"}],"author":[{"embeddable":true,"href":"https:\/\/hdpnoticias.com.ar\/index.php?rest_route=\/wp\/v2\/users\/1"}],"replies":[{"embeddable":true,"href":"https:\/\/hdpnoticias.com.ar\/index.php?rest_route=%2Fwp%2Fv2%2Fcomments&post=14271"}],"version-history":[{"count":2,"href":"https:\/\/hdpnoticias.com.ar\/index.php?rest_route=\/wp\/v2\/posts\/14271\/revisions"}],"predecessor-version":[{"id":14275,"href":"https:\/\/hdpnoticias.com.ar\/index.php?rest_route=\/wp\/v2\/posts\/14271\/revisions\/14275"}],"wp:featuredmedia":[{"embeddable":true,"href":"https:\/\/hdpnoticias.com.ar\/index.php?rest_route=\/wp\/v2\/media\/14272"}],"wp:attachment":[{"href":"https:\/\/hdpnoticias.com.ar\/index.php?rest_route=%2Fwp%2Fv2%2Fmedia&parent=14271"}],"wp:term":[{"taxonomy":"category","embeddable":true,"href":"https:\/\/hdpnoticias.com.ar\/index.php?rest_route=%2Fwp%2Fv2%2Fcategories&post=14271"},{"taxonomy":"post_tag","embeddable":true,"href":"https:\/\/hdpnoticias.com.ar\/index.php?rest_route=%2Fwp%2Fv2%2Ftags&post=14271"}],"curies":[{"name":"wp","href":"https:\/\/api.w.org\/{rel}","templated":true}]}}