{"id":14268,"date":"2026-04-27T20:09:32","date_gmt":"2026-04-27T23:09:32","guid":{"rendered":"https:\/\/hdpnoticias.com.ar\/?p=14268"},"modified":"2026-04-27T20:09:33","modified_gmt":"2026-04-27T23:09:33","slug":"mataron-a-un-hombre-en-una-pelea-a-cuchilladas-en-fontana","status":"publish","type":"post","link":"https:\/\/hdpnoticias.com.ar\/?p=14268","title":{"rendered":"Mataron a un hombre en una pelea a cuchilladas en Fontana"},"content":{"rendered":"\n<figure class=\"wp-block-image size-full\"><img loading=\"lazy\" decoding=\"async\" width=\"720\" height=\"90\" src=\"http:\/\/hdpnoticias.com.ar\/wp-content\/uploads\/2024\/05\/Copy-of-720x90-1.gif\" alt=\"\" class=\"wp-image-6806\"\/><\/figure>\n\n\n\n<p>En los primeros minutos de este lunes, un hombre de 59 a\u00f1os ingres\u00f3 al hospital Luis Fleitas, de Fontana, con una serie de heridas de arma blanca. El personal inform\u00f3 la situaci\u00f3n a la Polic\u00eda.<\/p>\n\n\n\n<p>Una comisi\u00f3n de la Comisar\u00eda Primera lo interrog\u00f3 al respecto. Dijo que estaba compartiendo bebidas alcoh\u00f3licas con otro hombre en el barrio Balastro 2, y que en ese marco se dio una discusi\u00f3n que termin\u00f3 en una pelea a cuchilladas.<\/p>\n\n\n\n<p>Efectivos de la misma unidad acudi\u00f3 al lugar se\u00f1alado y encontr\u00f3 al presunto contendiente, de 70 a\u00f1os, tendido en el suelo, muerto.<\/p>\n\n\n\n<p>Los vecinos aportaron su testimonio y se\u00f1alaron a un tercer involucrado, de 19 a\u00f1os.<\/p>\n\n\n\n<p>Tanto el hombre hospitalizado como \u00e9ste \u00faltimo, fueron detenidos.<\/p>\n\n\n\n<p>En la escena fueron secuestradas prendas de vestir manchadas con sangre y un machete, tambi\u00e9n ensangrentado,  que hab\u00eda sido escondido entre la maleza. <\/p>\n\n\n\n<p>Ahora se investigan las circunstancias en las que se dio el crimen.<\/p>\n\n\n\n<figure class=\"wp-block-image size-full\"><img loading=\"lazy\" decoding=\"async\" width=\"720\" height=\"90\" src=\"http:\/\/hdpnoticias.com.ar\/wp-content\/uploads\/2024\/05\/Obras-Publicas.gif\" alt=\"\" class=\"wp-image-6818\"\/><\/figure>\n\n\n\n<figure class=\"wp-block-image size-full\"><img loading=\"lazy\" decoding=\"async\" width=\"728\" height=\"90\" src=\"http:\/\/hdpnoticias.com.ar\/wp-content\/uploads\/2024\/05\/Nachec.gif\" alt=\"\" class=\"wp-image-6814\"\/><\/figure>\n","protected":false},"excerpt":{"rendered":"<p>En los primeros minutos de este lunes, un hombre de 59 a\u00f1os ingres\u00f3 al hospital Luis Fleitas, de Fontana, con una serie de heridas de arma blanca. El personal inform\u00f3 la situaci\u00f3n a la Polic\u00eda. Una comisi\u00f3n de la Comisar\u00eda Primera lo interrog\u00f3 al respecto. Dijo que estaba compartiendo bebidas alcoh\u00f3licas con otro hombre en [&hellip;]<\/p>\n","protected":false},"author":1,"featured_media":14269,"comment_status":"open","ping_status":"open","sticky":false,"template":"","format":"standard","meta":{"footnotes":""},"categories":[26],"tags":[275,2563,87,75,346],"class_list":["post-14268","post","type-post","status-publish","format-standard","has-post-thumbnail","hentry","category-policiales","tag-asesinato","tag-balastro","tag-crimen","tag-fontana","tag-punaladas"],"_links":{"self":[{"href":"https:\/\/hdpnoticias.com.ar\/index.php?rest_route=\/wp\/v2\/posts\/14268","targetHints":{"allow":["GET"]}}],"collection":[{"href":"https:\/\/hdpnoticias.com.ar\/index.php?rest_route=\/wp\/v2\/posts"}],"about":[{"href":"https:\/\/hdpnoticias.com.ar\/index.php?rest_route=\/wp\/v2\/types\/post"}],"author":[{"embeddable":true,"href":"https:\/\/hdpnoticias.com.ar\/index.php?rest_route=\/wp\/v2\/users\/1"}],"replies":[{"embeddable":true,"href":"https:\/\/hdpnoticias.com.ar\/index.php?rest_route=%2Fwp%2Fv2%2Fcomments&post=14268"}],"version-history":[{"count":1,"href":"https:\/\/hdpnoticias.com.ar\/index.php?rest_route=\/wp\/v2\/posts\/14268\/revisions"}],"predecessor-version":[{"id":14270,"href":"https:\/\/hdpnoticias.com.ar\/index.php?rest_route=\/wp\/v2\/posts\/14268\/revisions\/14270"}],"wp:featuredmedia":[{"embeddable":true,"href":"https:\/\/hdpnoticias.com.ar\/index.php?rest_route=\/wp\/v2\/media\/14269"}],"wp:attachment":[{"href":"https:\/\/hdpnoticias.com.ar\/index.php?rest_route=%2Fwp%2Fv2%2Fmedia&parent=14268"}],"wp:term":[{"taxonomy":"category","embeddable":true,"href":"https:\/\/hdpnoticias.com.ar\/index.php?rest_route=%2Fwp%2Fv2%2Fcategories&post=14268"},{"taxonomy":"post_tag","embeddable":true,"href":"https:\/\/hdpnoticias.com.ar\/index.php?rest_route=%2Fwp%2Fv2%2Ftags&post=14268"}],"curies":[{"name":"wp","href":"https:\/\/api.w.org\/{rel}","templated":true}]}}