{"id":14259,"date":"2026-04-26T00:35:36","date_gmt":"2026-04-26T03:35:36","guid":{"rendered":"https:\/\/hdpnoticias.com.ar\/?p=14259"},"modified":"2026-04-26T00:35:38","modified_gmt":"2026-04-26T03:35:38","slug":"chaco-sin-helicoptero-aeronave-de-salta-traslado-una-paciente-de-el-impenetrable","status":"publish","type":"post","link":"https:\/\/hdpnoticias.com.ar\/?p=14259","title":{"rendered":"Chaco sin helic\u00f3ptero: aeronave de Salta traslad\u00f3 una paciente de El Impenetrable"},"content":{"rendered":"\n<figure class=\"wp-block-image size-full\"><img loading=\"lazy\" decoding=\"async\" width=\"728\" height=\"90\" src=\"http:\/\/hdpnoticias.com.ar\/wp-content\/uploads\/2024\/05\/Nachec.gif\" alt=\"\" class=\"wp-image-6814\"\/><\/figure>\n\n\n\n<p>En marzo de 2022 el entonces gobernador Jorge Capitanich decret\u00f3 en desuso y subast\u00f3 a precio de chatarra el helic\u00f3ptero de la Provincia: el Bel 407 LQ ZPR, adquirido al final del primer gobierno de \u00c1ngel Rozas, y que se hab\u00eda convertido en una pieza clave para traslados sanitarios principalmente en El Impenetrable, cuando el tiempo apremiaba o los caminos se tornaban intransitables por las lluvias.<\/p>\n\n\n\n<p>La aeronave fue adquirida por la compa\u00f1\u00eda JAS Fly, que<strong><a href=\"https:\/\/hdpnoticias.com.ar\/?p=11061\"> lo incorpor\u00f3 inmediatamente a su servicio de taxi a\u00e9reo y lo alist\u00f3 en la flota del Sistema Nacional de Manejo del Fuego<\/a><\/strong>, y en ese marco fue utilizado para capacitar pilotos, rescatistas y bomberos, y combati\u00f3 incendios en la Patagonia.<\/p>\n\n\n\n<p><strong><a href=\"https:\/\/www.diarionorte.com\/207643-gran-susto-para-capitanich-y-rach-quiroga-el-helicoptero-en-el-que-se-desplazaban-sufrio-problemas-tecnicos#\">Su \u00faltimo vuelo en la provincia fue en julio de 2021<\/a><\/strong> para trasladar a Capitanich, a la vicegobernadora Anal\u00eda Rach Quiroga y al entonces ministro de Planificaci\u00f3n, Econom\u00eda e Infraestructura: Santiago P\u00e9rez Pons, hoy diputado provincial, hasta Fort\u00edn Belgrano, en el v\u00e9rtice norte del Chaco.<\/p>\n\n\n\n<p>Ese d\u00eda, al aterrizar, la polvareda generada por las h\u00e9lices redujo la visibilidad del piloto y dificult\u00f3 el aterrizaje, que termin\u00f3 con uno de sus esqu\u00edes averiado.<\/p>\n\n\n\n<p>En ese mismo lugar aterriz\u00f3 este viernes el Bell 429 matr\u00edcula LV CYG, de la Provincia de Salta, destinado a vuelos sanitarios, para trasladar a una adolescente chaque\u00f1a de 16 a\u00f1os, que deb\u00eda ser sometida a una intervenci\u00f3n quir\u00fargica de urgencia. La evacuaci\u00f3n a\u00e9rea era la \u00fanica alternativa ante la intransitabilidad de los caminos debito a las copiosas lluvias de las \u00faltimas semanas.<\/p>\n\n\n\n<p>Esta no es la primera vez que Chaco apela a la solidaridad de otras provincias que cuentan con aeronaves de este tipo: en mayo de 2025 el <strong><a href=\"https:\/\/hdpnoticias.com.ar\/?p=11105\">Bell 429 LQ FVD, del Gobierno de Corrientes<\/a><\/strong>, traslad\u00f3 a 2 embarazadas a punto de dar a luz, desde El Sauzalito hasta el hospital del Bicentenario, en Juan Jos\u00e9 Castelli, ante la imposibilidad de realizar el traslado por tierra.<\/p>\n\n\n\n<p><strong>A la espera de la pista<\/strong><\/p>\n\n\n\n<p>La Provincia cuenta con un avi\u00f3n sanitario, pero El Impenetrable no cuenta con pista pavimentada para operar en contingencias clim\u00e1ticas como las actuales. La pista que comenz\u00f3 a construirse en El Sauzalito durante la gobernador de Domingo Peppo, fue interrumpida en la etapa de compactaci\u00f3n de suelo en el inicio del tercer mandato de Capitanich. <\/p>\n\n\n\n<p>Ahora avanzan trabajos de pavimentaci\u00f3n de una pista similar en Misi\u00f3n Nueva Pompeya, que el gobernador Leandro Zdero estima que podr\u00eda estar habilitada a fin de a\u00f1o.<\/p>\n\n\n\n<figure class=\"wp-block-image size-full\"><img loading=\"lazy\" decoding=\"async\" width=\"720\" height=\"90\" src=\"http:\/\/hdpnoticias.com.ar\/wp-content\/uploads\/2024\/05\/Obras-Publicas.gif\" alt=\"\" class=\"wp-image-6818\"\/><\/figure>\n\n\n\n<figure class=\"wp-block-image size-full\"><img loading=\"lazy\" decoding=\"async\" width=\"720\" height=\"90\" src=\"http:\/\/hdpnoticias.com.ar\/wp-content\/uploads\/2024\/05\/Copy-of-720x90-1.gif\" alt=\"\" class=\"wp-image-6806\"\/><\/figure>\n\n\n\n<p><\/p>\n","protected":false},"excerpt":{"rendered":"<p>En marzo de 2022 el entonces gobernador Jorge Capitanich decret\u00f3 en desuso y subast\u00f3 a precio de chatarra el helic\u00f3ptero de la Provincia: el Bel 407 LQ ZPR, adquirido al final del primer gobierno de \u00c1ngel Rozas, y que se hab\u00eda convertido en una pieza clave para traslados sanitarios principalmente en El Impenetrable, cuando el [&hellip;]<\/p>\n","protected":false},"author":1,"featured_media":14260,"comment_status":"open","ping_status":"open","sticky":false,"template":"","format":"standard","meta":{"footnotes":""},"categories":[6],"tags":[4882,29,37,169,417,705,5807,5805,5806,872,921],"class_list":["post-14259","post","type-post","status-publish","format-standard","has-post-thumbnail","hentry","category-info-general","tag-bell","tag-capitanich","tag-chaco","tag-corrientes","tag-el-impenetrable","tag-el-sauzalito","tag-fortin-belgrano","tag-jas-fly","tag-pista","tag-salta","tag-zdero"],"_links":{"self":[{"href":"https:\/\/hdpnoticias.com.ar\/index.php?rest_route=\/wp\/v2\/posts\/14259","targetHints":{"allow":["GET"]}}],"collection":[{"href":"https:\/\/hdpnoticias.com.ar\/index.php?rest_route=\/wp\/v2\/posts"}],"about":[{"href":"https:\/\/hdpnoticias.com.ar\/index.php?rest_route=\/wp\/v2\/types\/post"}],"author":[{"embeddable":true,"href":"https:\/\/hdpnoticias.com.ar\/index.php?rest_route=\/wp\/v2\/users\/1"}],"replies":[{"embeddable":true,"href":"https:\/\/hdpnoticias.com.ar\/index.php?rest_route=%2Fwp%2Fv2%2Fcomments&post=14259"}],"version-history":[{"count":1,"href":"https:\/\/hdpnoticias.com.ar\/index.php?rest_route=\/wp\/v2\/posts\/14259\/revisions"}],"predecessor-version":[{"id":14261,"href":"https:\/\/hdpnoticias.com.ar\/index.php?rest_route=\/wp\/v2\/posts\/14259\/revisions\/14261"}],"wp:featuredmedia":[{"embeddable":true,"href":"https:\/\/hdpnoticias.com.ar\/index.php?rest_route=\/wp\/v2\/media\/14260"}],"wp:attachment":[{"href":"https:\/\/hdpnoticias.com.ar\/index.php?rest_route=%2Fwp%2Fv2%2Fmedia&parent=14259"}],"wp:term":[{"taxonomy":"category","embeddable":true,"href":"https:\/\/hdpnoticias.com.ar\/index.php?rest_route=%2Fwp%2Fv2%2Fcategories&post=14259"},{"taxonomy":"post_tag","embeddable":true,"href":"https:\/\/hdpnoticias.com.ar\/index.php?rest_route=%2Fwp%2Fv2%2Ftags&post=14259"}],"curies":[{"name":"wp","href":"https:\/\/api.w.org\/{rel}","templated":true}]}}