{"id":1398,"date":"2023-03-21T11:09:06","date_gmt":"2023-03-21T14:09:06","guid":{"rendered":"http:\/\/hdpnoticias.com.ar\/?p=1398"},"modified":"2023-03-21T11:09:13","modified_gmt":"2023-03-21T14:09:13","slug":"elecciones-inoportunas-las-paso-en-medio-de-un-finde-extra-largo","status":"publish","type":"post","link":"https:\/\/hdpnoticias.com.ar\/?p=1398","title":{"rendered":"Elecciones inoportunas: las Paso en medio de un finde extra largo"},"content":{"rendered":"\n<p>Los chaque\u00f1os que planeaban aprovechar el fin de semana extra largo de junio para tomarse unas minivacaciones o simplemente para relajarse, tendr\u00e1n que cambiar de planes.<\/p>\n\n\n\n<p>El domingo 18 de junio: D\u00eda del Padre, ser\u00e1n elecciones primarias, abiertas, simult\u00e1neas y obligatorias de candidatos a gobernador y vicegobernador, y 16 diputados provinciales titulares y 16 suplentes.<\/p>\n\n\n\n<p>El s\u00e1bado 17 es feriado nacional por la evocaci\u00f3n de la muerte del General Mart\u00edn Miguel de G\u00fcemes, y el lunes 19 fue declarado \u201cferiado con fines tur\u00edsticos\u201d, m\u00e1s conocido como \u201cferiado puente\u201d, para llegar al martes 20: D\u00eda de la Bandera, aniversario de la muerte del General Manuel Belgrano.<\/p>\n\n\n\n<p>As\u00ed, es probable que las elecciones obligatorias atenten contra el prop\u00f3sito tur\u00edstico del finde largo, o el turismo, sumado a la celebraci\u00f3n del D\u00eda del Padre, reduzca la asistencia a las urnas.<\/p>\n\n\n\n<p>De cualquier modo, la afluencia de electores en las Paso siempre fue menor a la esperada.<\/p>\n\n\n\n<p>La oposici\u00f3n ve con suspicacias la oportunidad de la convocatoria y creen que el gobernador Jorge Capitanich busca desalentar la participaci\u00f3n popular despu\u00e9s de que la Justicia anulara la suspensi\u00f3n de las Paso y lo obligara a convocarlas.<\/p>\n","protected":false},"excerpt":{"rendered":"<p>Los chaque\u00f1os que planeaban aprovechar el fin de semana extra largo de junio para tomarse unas minivacaciones o simplemente para relajarse, tendr\u00e1n que cambiar de planes. El domingo 18 de junio: D\u00eda del Padre, ser\u00e1n elecciones primarias, abiertas, simult\u00e1neas y obligatorias de candidatos a gobernador y vicegobernador, y 16 diputados provinciales titulares y 16 suplentes. [&hellip;]<\/p>\n","protected":false},"author":1,"featured_media":1399,"comment_status":"open","ping_status":"open","sticky":false,"template":"","format":"standard","meta":{"footnotes":""},"categories":[27],"tags":[1017,385,29,37,1015,246,1016,1014,249,245,175],"class_list":["post-1398","post","type-post","status-publish","format-standard","has-post-thumbnail","hentry","category-politica","tag-bandera","tag-belgrano","tag-capitanich","tag-chaco","tag-dia-del-padre","tag-elecciones","tag-guemes","tag-oposicion","tag-paso","tag-primarias","tag-turismo"],"_links":{"self":[{"href":"https:\/\/hdpnoticias.com.ar\/index.php?rest_route=\/wp\/v2\/posts\/1398","targetHints":{"allow":["GET"]}}],"collection":[{"href":"https:\/\/hdpnoticias.com.ar\/index.php?rest_route=\/wp\/v2\/posts"}],"about":[{"href":"https:\/\/hdpnoticias.com.ar\/index.php?rest_route=\/wp\/v2\/types\/post"}],"author":[{"embeddable":true,"href":"https:\/\/hdpnoticias.com.ar\/index.php?rest_route=\/wp\/v2\/users\/1"}],"replies":[{"embeddable":true,"href":"https:\/\/hdpnoticias.com.ar\/index.php?rest_route=%2Fwp%2Fv2%2Fcomments&post=1398"}],"version-history":[{"count":1,"href":"https:\/\/hdpnoticias.com.ar\/index.php?rest_route=\/wp\/v2\/posts\/1398\/revisions"}],"predecessor-version":[{"id":1400,"href":"https:\/\/hdpnoticias.com.ar\/index.php?rest_route=\/wp\/v2\/posts\/1398\/revisions\/1400"}],"wp:featuredmedia":[{"embeddable":true,"href":"https:\/\/hdpnoticias.com.ar\/index.php?rest_route=\/wp\/v2\/media\/1399"}],"wp:attachment":[{"href":"https:\/\/hdpnoticias.com.ar\/index.php?rest_route=%2Fwp%2Fv2%2Fmedia&parent=1398"}],"wp:term":[{"taxonomy":"category","embeddable":true,"href":"https:\/\/hdpnoticias.com.ar\/index.php?rest_route=%2Fwp%2Fv2%2Fcategories&post=1398"},{"taxonomy":"post_tag","embeddable":true,"href":"https:\/\/hdpnoticias.com.ar\/index.php?rest_route=%2Fwp%2Fv2%2Ftags&post=1398"}],"curies":[{"name":"wp","href":"https:\/\/api.w.org\/{rel}","templated":true}]}}