{"id":13864,"date":"2026-03-16T21:44:29","date_gmt":"2026-03-17T00:44:29","guid":{"rendered":"https:\/\/hdpnoticias.com.ar\/?p=13864"},"modified":"2026-03-16T21:44:34","modified_gmt":"2026-03-17T00:44:34","slug":"choque-multiple-en-la-autovia-de-la-ruta-11","status":"publish","type":"post","link":"https:\/\/hdpnoticias.com.ar\/?p=13864","title":{"rendered":"Choque m\u00faltiple en la autov\u00eda de la ruta 11"},"content":{"rendered":"\n<figure class=\"wp-block-image size-full\"><img loading=\"lazy\" decoding=\"async\" width=\"720\" height=\"90\" src=\"http:\/\/hdpnoticias.com.ar\/wp-content\/uploads\/2024\/05\/Copy-of-720x90-1.gif\" alt=\"\" class=\"wp-image-6806\"\/><\/figure>\n\n\n\n<p>La autov\u00eda de la ruta nacional 11, en Resistencia, fue escenario de otro siniestro vial.<\/p>\n\n\n\n<p>La siesta de este lunes un choque en cadena se dio en medio del siempre complicado tr\u00e1nsito del tramo urbano de esa v\u00eda: un cami\u00f3n Iveco con una batea semirremolque, impact\u00f3 desde atr\u00e1s a un Renault Sandero que, a su vez, choc\u00f3 a otro. Paralelamente, e\u00f1 conductor de un VW Taos intent\u00f3 una maniobra para mantenerse al margen pero de todos modos fue alcanzado lateralmente por el cami\u00f3n.<\/p>\n\n\n\n<p>Las personas a bordo de los veh\u00edculos, varias de ellas oriundas de Santa Fe, no sufrieron lesiones de consideraci\u00f3n, fueron asistidas por equipos m\u00e9dicos de emergencia y recibieron el alta en el mismo lugar.<\/p>\n\n\n\n<figure class=\"wp-block-image size-full\"><img loading=\"lazy\" decoding=\"async\" width=\"728\" height=\"90\" src=\"http:\/\/hdpnoticias.com.ar\/wp-content\/uploads\/2024\/05\/Nachec.gif\" alt=\"\" class=\"wp-image-6814\"\/><\/figure>\n\n\n\n<figure class=\"wp-block-image size-full\"><img loading=\"lazy\" decoding=\"async\" width=\"720\" height=\"90\" src=\"http:\/\/hdpnoticias.com.ar\/wp-content\/uploads\/2024\/05\/Obras-Publicas.gif\" alt=\"\" class=\"wp-image-6818\"\/><\/figure>\n","protected":false},"excerpt":{"rendered":"<p>La autov\u00eda de la ruta nacional 11, en Resistencia, fue escenario de otro siniestro vial. La siesta de este lunes un choque en cadena se dio en medio del siempre complicado tr\u00e1nsito del tramo urbano de esa v\u00eda: un cami\u00f3n Iveco con una batea semirremolque, impact\u00f3 desde atr\u00e1s a un Renault Sandero que, a su [&hellip;]<\/p>\n","protected":false},"author":1,"featured_media":13865,"comment_status":"open","ping_status":"open","sticky":false,"template":"","format":"standard","meta":{"footnotes":""},"categories":[26],"tags":[636,88,340,747,49,539,748,89],"class_list":["post-13864","post","type-post","status-publish","format-standard","has-post-thumbnail","hentry","category-policiales","tag-autovia","tag-choque","tag-iveco","tag-renault","tag-resistencia","tag-ruta-11","tag-sandero","tag-vw"],"_links":{"self":[{"href":"https:\/\/hdpnoticias.com.ar\/index.php?rest_route=\/wp\/v2\/posts\/13864","targetHints":{"allow":["GET"]}}],"collection":[{"href":"https:\/\/hdpnoticias.com.ar\/index.php?rest_route=\/wp\/v2\/posts"}],"about":[{"href":"https:\/\/hdpnoticias.com.ar\/index.php?rest_route=\/wp\/v2\/types\/post"}],"author":[{"embeddable":true,"href":"https:\/\/hdpnoticias.com.ar\/index.php?rest_route=\/wp\/v2\/users\/1"}],"replies":[{"embeddable":true,"href":"https:\/\/hdpnoticias.com.ar\/index.php?rest_route=%2Fwp%2Fv2%2Fcomments&post=13864"}],"version-history":[{"count":1,"href":"https:\/\/hdpnoticias.com.ar\/index.php?rest_route=\/wp\/v2\/posts\/13864\/revisions"}],"predecessor-version":[{"id":13866,"href":"https:\/\/hdpnoticias.com.ar\/index.php?rest_route=\/wp\/v2\/posts\/13864\/revisions\/13866"}],"wp:featuredmedia":[{"embeddable":true,"href":"https:\/\/hdpnoticias.com.ar\/index.php?rest_route=\/wp\/v2\/media\/13865"}],"wp:attachment":[{"href":"https:\/\/hdpnoticias.com.ar\/index.php?rest_route=%2Fwp%2Fv2%2Fmedia&parent=13864"}],"wp:term":[{"taxonomy":"category","embeddable":true,"href":"https:\/\/hdpnoticias.com.ar\/index.php?rest_route=%2Fwp%2Fv2%2Fcategories&post=13864"},{"taxonomy":"post_tag","embeddable":true,"href":"https:\/\/hdpnoticias.com.ar\/index.php?rest_route=%2Fwp%2Fv2%2Ftags&post=13864"}],"curies":[{"name":"wp","href":"https:\/\/api.w.org\/{rel}","templated":true}]}}