{"id":13854,"date":"2026-03-15T21:28:35","date_gmt":"2026-03-16T00:28:35","guid":{"rendered":"https:\/\/hdpnoticias.com.ar\/?p=13854"},"modified":"2026-03-15T21:28:37","modified_gmt":"2026-03-16T00:28:37","slug":"no-habra-finalissima-fue-cancelada-por-el-conflicto-en-medio-oriente","status":"publish","type":"post","link":"https:\/\/hdpnoticias.com.ar\/?p=13854","title":{"rendered":"No habr\u00e1 Final\u00edssima: fue cancelada por el conflicto en Medio Oriente"},"content":{"rendered":"\n<figure class=\"wp-block-image size-full\"><img loading=\"lazy\" decoding=\"async\" width=\"728\" height=\"90\" src=\"http:\/\/hdpnoticias.com.ar\/wp-content\/uploads\/2024\/05\/Nachec.gif\" alt=\"\" class=\"wp-image-6814\"\/><\/figure>\n\n\n\n<p>La Finalissima 2026 que deb\u00edan disputar Espa\u00f1a, campe\u00f3n de la Eurocopa, y Argentina, campe\u00f3n de la Copa Am\u00e9rica, fue cancelada definitivamente.<\/p>\n\n\n\n<p>El partido deb\u00eda disputarse el 27 de marzo en Qatar, pero la suspensi\u00f3n de actividades deportivas all\u00ed dej\u00f3 la fecha en suspenso , debido a la guerra que estallara recientemente en la regi\u00f3n.<\/p>\n\n\n\n<p>Por esta situaci\u00f3n, las autoridades determinaron que era imposible disputar el encuentro all\u00ed. Por eso comenzaron a barajarse alternativas: la Real Federaci\u00f3n Espa\u00f1ola (RFEF) propuso como alternativa el Santiago Bernab\u00e9u pero no hubo acuerdo con la AFA.<\/p>\n\n\n\n<p>Finalmente la UEFA confirm\u00f3 a trav\u00e9s de un comunicado la cancelaci\u00f3n de esta edici\u00f3n de la Finalissima, torneo creado junto a Conmebol para enfrentar a los campeones de Europa y Sudam\u00e9rica, y agradeci\u00f3 tanto a las autoridades de Qatar como a quienes intentaron llevar adelante el evento.<\/p>\n\n\n\n<p>La UEFA lament\u00f3 que &#8220;las circunstancias y el tiempo hayan privado a los equipos de la oportunidad de competir por este prestigioso premio en Qatar&#8221;.<\/p>\n\n\n\n<figure class=\"wp-block-image size-full\"><img loading=\"lazy\" decoding=\"async\" width=\"720\" height=\"90\" src=\"http:\/\/hdpnoticias.com.ar\/wp-content\/uploads\/2024\/05\/Obras-Publicas.gif\" alt=\"\" class=\"wp-image-6818\"\/><\/figure>\n\n\n\n<figure class=\"wp-block-image size-full\"><img loading=\"lazy\" decoding=\"async\" width=\"720\" height=\"90\" src=\"http:\/\/hdpnoticias.com.ar\/wp-content\/uploads\/2024\/05\/Copy-of-720x90-1.gif\" alt=\"\" class=\"wp-image-6806\"\/><\/figure>\n","protected":false},"excerpt":{"rendered":"<p>La Finalissima 2026 que deb\u00edan disputar Espa\u00f1a, campe\u00f3n de la Eurocopa, y Argentina, campe\u00f3n de la Copa Am\u00e9rica, fue cancelada definitivamente. El partido deb\u00eda disputarse el 27 de marzo en Qatar, pero la suspensi\u00f3n de actividades deportivas all\u00ed dej\u00f3 la fecha en suspenso , debido a la guerra que estallara recientemente en la regi\u00f3n. Por [&hellip;]<\/p>\n","protected":false},"author":1,"featured_media":13855,"comment_status":"open","ping_status":"open","sticky":false,"template":"","format":"standard","meta":{"footnotes":""},"categories":[24],"tags":[259,2440,5706,1155,5705,189],"class_list":{"0":"post-13854","1":"post","2":"type-post","3":"status-publish","4":"format-standard","5":"has-post-thumbnail","6":"hentry","7":"category-deportes","8":"tag-argentina","10":"tag-finalissima","11":"tag-guerra","12":"tag-medio-oriente","13":"tag-qatar"},"_links":{"self":[{"href":"https:\/\/hdpnoticias.com.ar\/index.php?rest_route=\/wp\/v2\/posts\/13854","targetHints":{"allow":["GET"]}}],"collection":[{"href":"https:\/\/hdpnoticias.com.ar\/index.php?rest_route=\/wp\/v2\/posts"}],"about":[{"href":"https:\/\/hdpnoticias.com.ar\/index.php?rest_route=\/wp\/v2\/types\/post"}],"author":[{"embeddable":true,"href":"https:\/\/hdpnoticias.com.ar\/index.php?rest_route=\/wp\/v2\/users\/1"}],"replies":[{"embeddable":true,"href":"https:\/\/hdpnoticias.com.ar\/index.php?rest_route=%2Fwp%2Fv2%2Fcomments&post=13854"}],"version-history":[{"count":1,"href":"https:\/\/hdpnoticias.com.ar\/index.php?rest_route=\/wp\/v2\/posts\/13854\/revisions"}],"predecessor-version":[{"id":13856,"href":"https:\/\/hdpnoticias.com.ar\/index.php?rest_route=\/wp\/v2\/posts\/13854\/revisions\/13856"}],"wp:featuredmedia":[{"embeddable":true,"href":"https:\/\/hdpnoticias.com.ar\/index.php?rest_route=\/wp\/v2\/media\/13855"}],"wp:attachment":[{"href":"https:\/\/hdpnoticias.com.ar\/index.php?rest_route=%2Fwp%2Fv2%2Fmedia&parent=13854"}],"wp:term":[{"taxonomy":"category","embeddable":true,"href":"https:\/\/hdpnoticias.com.ar\/index.php?rest_route=%2Fwp%2Fv2%2Fcategories&post=13854"},{"taxonomy":"post_tag","embeddable":true,"href":"https:\/\/hdpnoticias.com.ar\/index.php?rest_route=%2Fwp%2Fv2%2Ftags&post=13854"}],"curies":[{"name":"wp","href":"https:\/\/api.w.org\/{rel}","templated":true}]}}