{"id":13812,"date":"2026-03-11T21:00:08","date_gmt":"2026-03-12T00:00:08","guid":{"rendered":"https:\/\/hdpnoticias.com.ar\/?p=13812"},"modified":"2026-03-11T21:00:10","modified_gmt":"2026-03-12T00:00:10","slug":"encontraron-la-bicicleta-de-un-hombre-desaparecido-desde-2022","status":"publish","type":"post","link":"https:\/\/hdpnoticias.com.ar\/?p=13812","title":{"rendered":"Encontraron la bicicleta de un hombre desaparecido desde 2022"},"content":{"rendered":"\n<figure class=\"wp-block-image size-full\"><img loading=\"lazy\" decoding=\"async\" width=\"728\" height=\"90\" src=\"http:\/\/hdpnoticias.com.ar\/wp-content\/uploads\/2024\/05\/Nachec.gif\" alt=\"\" class=\"wp-image-6814\"\/><\/figure>\n\n\n\n<p>Pedro Antonio \u201cChami\u201d Ojeda desapareci\u00f3 en septiembre de 2022, cuando ten\u00eda 36 a\u00f1os. Fue visto por \u00faltima vez saliendo de su casa de Capit\u00e1n Solari a bordo de una bicicleta de dama tipo \u201cplayera\u201d.<\/p>\n\n\n\n<p>Tras la denuncia de su desaparici\u00f3n se despleg\u00f3 un amplio operativo que incluy\u00f3 esa ciudad y su zona de influencia, pero no fue posible hallar rastro alguno.<\/p>\n\n\n\n<p>Este mi\u00e9rcoles un hombre que recolectaba miel en la zona rural, encontr\u00f3 su bicicleta cubierta de vegetaci\u00f3n y con signos de haber pasado un buen tiempo abandonada, quiz\u00e1s desde el momento de la desaparici\u00f3n.<\/p>\n\n\n\n<p>El hallazgo reaviv\u00f3 la investigaci\u00f3n. Peritos relevaron el lugar y alrededores, y se retomaron los rastrillajes en el monte, con la intervenci\u00f3n de personal de las unidades locales y de Colonias Unidas y Colonia Elisa.<\/p>\n","protected":false},"excerpt":{"rendered":"<p>Pedro Antonio \u201cChami\u201d Ojeda desapareci\u00f3 en septiembre de 2022, cuando ten\u00eda 36 a\u00f1os. Fue visto por \u00faltima vez saliendo de su casa de Capit\u00e1n Solari a bordo de una bicicleta de dama tipo \u201cplayera\u201d. Tras la denuncia de su desaparici\u00f3n se despleg\u00f3 un amplio operativo que incluy\u00f3 esa ciudad y su zona de influencia, pero [&hellip;]<\/p>\n","protected":false},"author":1,"featured_media":13813,"comment_status":"open","ping_status":"open","sticky":false,"template":"","format":"standard","meta":{"footnotes":""},"categories":[26],"tags":[1267,3070,37,592,1477],"class_list":["post-13812","post","type-post","status-publish","format-standard","has-post-thumbnail","hentry","category-policiales","tag-bicicleta","tag-capitan-solari","tag-chaco","tag-desaparecido","tag-playera"],"_links":{"self":[{"href":"https:\/\/hdpnoticias.com.ar\/index.php?rest_route=\/wp\/v2\/posts\/13812","targetHints":{"allow":["GET"]}}],"collection":[{"href":"https:\/\/hdpnoticias.com.ar\/index.php?rest_route=\/wp\/v2\/posts"}],"about":[{"href":"https:\/\/hdpnoticias.com.ar\/index.php?rest_route=\/wp\/v2\/types\/post"}],"author":[{"embeddable":true,"href":"https:\/\/hdpnoticias.com.ar\/index.php?rest_route=\/wp\/v2\/users\/1"}],"replies":[{"embeddable":true,"href":"https:\/\/hdpnoticias.com.ar\/index.php?rest_route=%2Fwp%2Fv2%2Fcomments&post=13812"}],"version-history":[{"count":1,"href":"https:\/\/hdpnoticias.com.ar\/index.php?rest_route=\/wp\/v2\/posts\/13812\/revisions"}],"predecessor-version":[{"id":13814,"href":"https:\/\/hdpnoticias.com.ar\/index.php?rest_route=\/wp\/v2\/posts\/13812\/revisions\/13814"}],"wp:featuredmedia":[{"embeddable":true,"href":"https:\/\/hdpnoticias.com.ar\/index.php?rest_route=\/wp\/v2\/media\/13813"}],"wp:attachment":[{"href":"https:\/\/hdpnoticias.com.ar\/index.php?rest_route=%2Fwp%2Fv2%2Fmedia&parent=13812"}],"wp:term":[{"taxonomy":"category","embeddable":true,"href":"https:\/\/hdpnoticias.com.ar\/index.php?rest_route=%2Fwp%2Fv2%2Fcategories&post=13812"},{"taxonomy":"post_tag","embeddable":true,"href":"https:\/\/hdpnoticias.com.ar\/index.php?rest_route=%2Fwp%2Fv2%2Ftags&post=13812"}],"curies":[{"name":"wp","href":"https:\/\/api.w.org\/{rel}","templated":true}]}}