{"id":13800,"date":"2026-03-09T22:10:33","date_gmt":"2026-03-10T01:10:33","guid":{"rendered":"https:\/\/hdpnoticias.com.ar\/?p=13800"},"modified":"2026-03-09T22:10:35","modified_gmt":"2026-03-10T01:10:35","slug":"barrio-emerenciano-bibliotecaria-se-atrinchero-pero-fue-desalojada-y-detenida","status":"publish","type":"post","link":"https:\/\/hdpnoticias.com.ar\/?p=13800","title":{"rendered":"Barrio Emerenciano: bibliotecaria se atrincher\u00f3 pero fue desalojada y detenida"},"content":{"rendered":"\n<figure class=\"wp-block-image size-full\"><img loading=\"lazy\" decoding=\"async\" width=\"720\" height=\"90\" src=\"http:\/\/hdpnoticias.com.ar\/wp-content\/uploads\/2024\/05\/Copy-of-720x90-1.gif\" alt=\"\" class=\"wp-image-6806\"\/><\/figure>\n\n\n\n<p>Una mujer que se desempe\u00f1aba en la biblioteca de la Escuela P\u00fablica de Gesti\u00f3n Social 2, del ex barrio Emerenciano, ahora Papa Francisco, tom\u00f3 el control del edificio y cerr\u00f3 todas las aberturas impidiendo su funcionamiento.<\/p>\n\n\n\n<p>Fue identificada como Nancy Gonz\u00e1lez, y as\u00ed protest\u00f3 reclamando ser restituida en su puesto, del que hab\u00eda sido apartada por decisi\u00f3n del Ministerio de Educaci\u00f3n.<\/p>\n\n\n\n<p>Las autoridades educativas denunciaron la situaci\u00f3n y una comisi\u00f3n policial acudi\u00f3 al lugar.<\/p>\n\n\n\n<p>En primer t\u00e9rmino fue informada de la orden de desalojar el edificio, dispuesta por la fiscal Lili\u00e1n Irala, pero no la acat\u00f3. Despu\u00e9s mediadores intentaron infructuosamente persuadirla de deponer en su actitud.<\/p>\n\n\n\n<p>Ante su negativa, los efectivos ingresaron por la fuerza y la aprehendieron.<\/p>\n\n\n\n<p>Tras ser desalojada, las instalaciones fueron restituidas y las actividades continuaron normalmente.<\/p>\n","protected":false},"excerpt":{"rendered":"<p>Una mujer que se desempe\u00f1aba en la biblioteca de la Escuela P\u00fablica de Gesti\u00f3n Social 2, del ex barrio Emerenciano, ahora Papa Francisco, tom\u00f3 el control del edificio y cerr\u00f3 todas las aberturas impidiendo su funcionamiento. Fue identificada como Nancy Gonz\u00e1lez, y as\u00ed protest\u00f3 reclamando ser restituida en su puesto, del que hab\u00eda sido apartada [&hellip;]<\/p>\n","protected":false},"author":1,"featured_media":13801,"comment_status":"open","ping_status":"open","sticky":false,"template":"","format":"standard","meta":{"footnotes":""},"categories":[6,26],"tags":[5692,3795,1075,793,795,5442],"class_list":["post-13800","post","type-post","status-publish","format-standard","has-post-thumbnail","hentry","category-info-general","category-policiales","tag-atrincherada","tag-bibliotecaria","tag-detenida","tag-emerenciano","tag-escuela","tag-papa-francisco"],"_links":{"self":[{"href":"https:\/\/hdpnoticias.com.ar\/index.php?rest_route=\/wp\/v2\/posts\/13800","targetHints":{"allow":["GET"]}}],"collection":[{"href":"https:\/\/hdpnoticias.com.ar\/index.php?rest_route=\/wp\/v2\/posts"}],"about":[{"href":"https:\/\/hdpnoticias.com.ar\/index.php?rest_route=\/wp\/v2\/types\/post"}],"author":[{"embeddable":true,"href":"https:\/\/hdpnoticias.com.ar\/index.php?rest_route=\/wp\/v2\/users\/1"}],"replies":[{"embeddable":true,"href":"https:\/\/hdpnoticias.com.ar\/index.php?rest_route=%2Fwp%2Fv2%2Fcomments&post=13800"}],"version-history":[{"count":1,"href":"https:\/\/hdpnoticias.com.ar\/index.php?rest_route=\/wp\/v2\/posts\/13800\/revisions"}],"predecessor-version":[{"id":13802,"href":"https:\/\/hdpnoticias.com.ar\/index.php?rest_route=\/wp\/v2\/posts\/13800\/revisions\/13802"}],"wp:featuredmedia":[{"embeddable":true,"href":"https:\/\/hdpnoticias.com.ar\/index.php?rest_route=\/wp\/v2\/media\/13801"}],"wp:attachment":[{"href":"https:\/\/hdpnoticias.com.ar\/index.php?rest_route=%2Fwp%2Fv2%2Fmedia&parent=13800"}],"wp:term":[{"taxonomy":"category","embeddable":true,"href":"https:\/\/hdpnoticias.com.ar\/index.php?rest_route=%2Fwp%2Fv2%2Fcategories&post=13800"},{"taxonomy":"post_tag","embeddable":true,"href":"https:\/\/hdpnoticias.com.ar\/index.php?rest_route=%2Fwp%2Fv2%2Ftags&post=13800"}],"curies":[{"name":"wp","href":"https:\/\/api.w.org\/{rel}","templated":true}]}}