{"id":13771,"date":"2026-03-06T08:32:31","date_gmt":"2026-03-06T11:32:31","guid":{"rendered":"https:\/\/hdpnoticias.com.ar\/?p=13771"},"modified":"2026-03-06T08:32:33","modified_gmt":"2026-03-06T11:32:33","slug":"un-joven-fue-baleado-en-confuso-episodio-en-fontana","status":"publish","type":"post","link":"https:\/\/hdpnoticias.com.ar\/?p=13771","title":{"rendered":"Un joven fue baleado en confuso episodio en Fontana"},"content":{"rendered":"\n<figure class=\"wp-block-image size-full\"><img loading=\"lazy\" decoding=\"async\" width=\"720\" height=\"90\" src=\"http:\/\/hdpnoticias.com.ar\/wp-content\/uploads\/2024\/05\/Obras-Publicas.gif\" alt=\"\" class=\"wp-image-6818\"\/><\/figure>\n\n\n\n<p>La madrugada de este viernes, un joven de 18 a\u00f1os fue herido de bala en el barrio Cacique Pelayo, en Fontana.<\/p>\n\n\n\n<p>El hecho fue informado a la Polic\u00eda alrededor de las 2:30. Y al arribar la comisi\u00f3n lo encontr\u00f3 tendido en el suelo con una herida de arma de arma de fuego en una pierna y otra en la cadera, adem\u00e1s de un corte en la cabeza.Fue auxiliado y trasladado de inmediato al hospital Perrando, de Resistencia.<\/p>\n\n\n\n<p>Seg\u00fan relat\u00f3, un sujeto al que conoce como \u201cCami\u00f3n\u201d,sereno de una playa de camiones de la avenida Moreno al 3400, le dispar\u00f3, aparentemente, al creer que se trataba de un ladr\u00f3n que pretend\u00eda ingresar a su casa, pero \u00e9l neg\u00f3 que esa haya sido su intenci\u00f3n.<\/p>\n\n\n\n<p>El agresor fue detenido poco despu\u00e9s, y ten\u00eda en su poder un rev\u00f3lver calibre 38 con varias vainas servidas.<\/p>\n","protected":false},"excerpt":{"rendered":"<p>La madrugada de este viernes, un joven de 18 a\u00f1os fue herido de bala en el barrio Cacique Pelayo, en Fontana. El hecho fue informado a la Polic\u00eda alrededor de las 2:30. Y al arribar la comisi\u00f3n lo encontr\u00f3 tendido en el suelo con una herida de arma de arma de fuego en una pierna [&hellip;]<\/p>\n","protected":false},"author":1,"featured_media":13772,"comment_status":"open","ping_status":"open","sticky":false,"template":"","format":"standard","meta":{"footnotes":""},"categories":[26],"tags":[384,5683,75,715,40],"class_list":["post-13771","post","type-post","status-publish","format-standard","has-post-thumbnail","hentry","category-policiales","tag-baleado","tag-cacique-pelayo","tag-fontana","tag-ladron","tag-perrando"],"_links":{"self":[{"href":"https:\/\/hdpnoticias.com.ar\/index.php?rest_route=\/wp\/v2\/posts\/13771","targetHints":{"allow":["GET"]}}],"collection":[{"href":"https:\/\/hdpnoticias.com.ar\/index.php?rest_route=\/wp\/v2\/posts"}],"about":[{"href":"https:\/\/hdpnoticias.com.ar\/index.php?rest_route=\/wp\/v2\/types\/post"}],"author":[{"embeddable":true,"href":"https:\/\/hdpnoticias.com.ar\/index.php?rest_route=\/wp\/v2\/users\/1"}],"replies":[{"embeddable":true,"href":"https:\/\/hdpnoticias.com.ar\/index.php?rest_route=%2Fwp%2Fv2%2Fcomments&post=13771"}],"version-history":[{"count":1,"href":"https:\/\/hdpnoticias.com.ar\/index.php?rest_route=\/wp\/v2\/posts\/13771\/revisions"}],"predecessor-version":[{"id":13773,"href":"https:\/\/hdpnoticias.com.ar\/index.php?rest_route=\/wp\/v2\/posts\/13771\/revisions\/13773"}],"wp:featuredmedia":[{"embeddable":true,"href":"https:\/\/hdpnoticias.com.ar\/index.php?rest_route=\/wp\/v2\/media\/13772"}],"wp:attachment":[{"href":"https:\/\/hdpnoticias.com.ar\/index.php?rest_route=%2Fwp%2Fv2%2Fmedia&parent=13771"}],"wp:term":[{"taxonomy":"category","embeddable":true,"href":"https:\/\/hdpnoticias.com.ar\/index.php?rest_route=%2Fwp%2Fv2%2Fcategories&post=13771"},{"taxonomy":"post_tag","embeddable":true,"href":"https:\/\/hdpnoticias.com.ar\/index.php?rest_route=%2Fwp%2Fv2%2Ftags&post=13771"}],"curies":[{"name":"wp","href":"https:\/\/api.w.org\/{rel}","templated":true}]}}