{"id":1375,"date":"2023-03-19T20:11:18","date_gmt":"2023-03-19T23:11:18","guid":{"rendered":"http:\/\/hdpnoticias.com.ar\/?p=1375"},"modified":"2023-04-10T08:50:12","modified_gmt":"2023-04-10T11:50:12","slug":"video-violencia-verbal-el-ministro-lineras-insulto-a-una-maestra-en-plaza","status":"publish","type":"post","link":"https:\/\/hdpnoticias.com.ar\/?p=1375","title":{"rendered":"VIDEO | Violencia verbal: el ministro Lineras insult\u00f3 a una maestra en Plaza"},"content":{"rendered":"\n<p>\u201cVayan a trabajar, vagos de mierda\u201d, les chant\u00f3 la \u00faltima semana el gobernador de La Rioja: Ricardo Quintela, a los maestros que protestaban frente a la Casa de Gobierno de esa provincia contra su pol\u00edtica salarial.<\/p>\n\n\n\n<p>Algo acto similar protagoniz\u00f3 la ma\u00f1ana del s\u00e1bado el ministro de Educaci\u00f3n, Cultura, Ciencia y Tecnolog\u00eda del Chaco: Aldo Lineras, en la EEP 58 Justo Jos\u00e9 de Urquiza, de Presidencia de la Plaza.<\/p>\n\n\n\n<p>Un grupo de docentes de esa y otras instituciones pretend\u00edan llegar a \u00e9l para plantearle una serie de reclamos pero les fue impedido el ingreso, por lo que decidieron comunicarle algunas de las consignas improvisando pancartas.<\/p>\n\n\n\n<p>Cuando el funcionario se retiraba, las maestras intentaron llamar su atenci\u00f3n y \u00e9l encar\u00f3 a una de ellas para increparla y la tach\u00f3 de \u201cmaleducada\u201d e \u201cignorante\u201d, antes de abandonar r\u00e1pidamente el lugar.<\/p>\n\n\n\n<iframe loading=\"lazy\" src=\"https:\/\/www.facebook.com\/plugins\/video.php?height=340&#038;href=https%3A%2F%2Fwww.facebook.com%2Fhdpchaco%2Fvideos%2F601854805174003%2F&#038;show_text=false&#038;width=560&#038;t=0\" width=\"560\" height=\"340\" style=\"border:none;overflow:hidden\" scrolling=\"no\" frameborder=\"0\" allowfullscreen=\"true\" allow=\"autoplay; clipboard-write; encrypted-media; picture-in-picture; web-share\" allowFullScreen=\"true\"><\/iframe>\n","protected":false},"excerpt":{"rendered":"<p>\u201cVayan a trabajar, vagos de mierda\u201d, les chant\u00f3 la \u00faltima semana el gobernador de La Rioja: Ricardo Quintela, a los maestros que protestaban frente a la Casa de Gobierno de esa provincia contra su pol\u00edtica salarial. Algo acto similar protagoniz\u00f3 la ma\u00f1ana del s\u00e1bado el ministro de Educaci\u00f3n, Cultura, Ciencia y Tecnolog\u00eda del Chaco: Aldo [&hellip;]<\/p>\n","protected":false},"author":1,"featured_media":1377,"comment_status":"open","ping_status":"open","sticky":false,"template":"","format":"standard","meta":{"footnotes":""},"categories":[27],"tags":[29,37,262,993,171,466,995,994,992,996,548],"class_list":["post-1375","post","type-post","status-publish","format-standard","has-post-thumbnail","hentry","category-politica","tag-capitanich","tag-chaco","tag-educacion","tag-ignorante","tag-la-rioja","tag-lineras","tag-maestra","tag-maleducada","tag-ministro","tag-quintela","tag-violencia-de-genero"],"_links":{"self":[{"href":"https:\/\/hdpnoticias.com.ar\/index.php?rest_route=\/wp\/v2\/posts\/1375","targetHints":{"allow":["GET"]}}],"collection":[{"href":"https:\/\/hdpnoticias.com.ar\/index.php?rest_route=\/wp\/v2\/posts"}],"about":[{"href":"https:\/\/hdpnoticias.com.ar\/index.php?rest_route=\/wp\/v2\/types\/post"}],"author":[{"embeddable":true,"href":"https:\/\/hdpnoticias.com.ar\/index.php?rest_route=\/wp\/v2\/users\/1"}],"replies":[{"embeddable":true,"href":"https:\/\/hdpnoticias.com.ar\/index.php?rest_route=%2Fwp%2Fv2%2Fcomments&post=1375"}],"version-history":[{"count":3,"href":"https:\/\/hdpnoticias.com.ar\/index.php?rest_route=\/wp\/v2\/posts\/1375\/revisions"}],"predecessor-version":[{"id":1686,"href":"https:\/\/hdpnoticias.com.ar\/index.php?rest_route=\/wp\/v2\/posts\/1375\/revisions\/1686"}],"wp:featuredmedia":[{"embeddable":true,"href":"https:\/\/hdpnoticias.com.ar\/index.php?rest_route=\/wp\/v2\/media\/1377"}],"wp:attachment":[{"href":"https:\/\/hdpnoticias.com.ar\/index.php?rest_route=%2Fwp%2Fv2%2Fmedia&parent=1375"}],"wp:term":[{"taxonomy":"category","embeddable":true,"href":"https:\/\/hdpnoticias.com.ar\/index.php?rest_route=%2Fwp%2Fv2%2Fcategories&post=1375"},{"taxonomy":"post_tag","embeddable":true,"href":"https:\/\/hdpnoticias.com.ar\/index.php?rest_route=%2Fwp%2Fv2%2Ftags&post=1375"}],"curies":[{"name":"wp","href":"https:\/\/api.w.org\/{rel}","templated":true}]}}