{"id":13741,"date":"2026-03-03T20:34:12","date_gmt":"2026-03-03T23:34:12","guid":{"rendered":"https:\/\/hdpnoticias.com.ar\/?p=13741"},"modified":"2026-03-03T20:34:13","modified_gmt":"2026-03-03T23:34:13","slug":"nena-de-12-anos-murio-en-choque-de-moto-y-camion-en-resistencia","status":"publish","type":"post","link":"https:\/\/hdpnoticias.com.ar\/?p=13741","title":{"rendered":"Nena de 12 a\u00f1os muri\u00f3 en choque de moto y cami\u00f3n en Resistencia"},"content":{"rendered":"\n<figure class=\"wp-block-image size-full\"><img loading=\"lazy\" decoding=\"async\" width=\"720\" height=\"90\" src=\"http:\/\/hdpnoticias.com.ar\/wp-content\/uploads\/2024\/05\/Obras-Publicas.gif\" alt=\"\" class=\"wp-image-6818\"\/><\/figure>\n\n\n\n<p>La siesta de este martes un siniestro vial sum\u00f3 una v\u00edctima fatal en Resistencia.<\/p>\n\n\n\n<p>Alrededor de las 14, una moto Keller de 110cc. en la que circulaban un hombre de 50 a\u00f1os y su hija de 12, se top\u00f3 en la intersecci\u00f3n de las calles Col\u00f3n y Toledo con un cami\u00f3n VW que remolcaba un tr\u00e1iler cargado con una cargadora frontal.<\/p>\n\n\n\n<p>En el impacto, ambos motociclistas sufrieron lesiones de consideraci\u00f3n. Fueron auxiliados por un equipo m\u00e9dico de emergencias que los traslad\u00f3 al hospital Perrando, pero la ni\u00f1a ingres\u00f3 ya sin vida.<\/p>\n\n\n\n<p>Ahora se investiga la mec\u00e1nica del siniestro para determinar las responsabilidades en una causa caratulada, prima facie: \u201cpresunto homicidio culposo en accidente de tr\u00e1nsito\u201d.<\/p>\n","protected":false},"excerpt":{"rendered":"<p>La siesta de este martes un siniestro vial sum\u00f3 una v\u00edctima fatal en Resistencia. Alrededor de las 14, una moto Keller de 110cc. en la que circulaban un hombre de 50 a\u00f1os y su hija de 12, se top\u00f3 en la intersecci\u00f3n de las calles Col\u00f3n y Toledo con un cami\u00f3n VW que remolcaba un [&hellip;]<\/p>\n","protected":false},"author":1,"featured_media":13742,"comment_status":"open","ping_status":"open","sticky":false,"template":"","format":"standard","meta":{"footnotes":""},"categories":[26],"tags":[215,1308,603,40,49,100,89],"class_list":["post-13741","post","type-post","status-publish","format-standard","has-post-thumbnail","hentry","category-policiales","tag-camion","tag-keller","tag-nina","tag-perrando","tag-resistencia","tag-tragedia","tag-vw"],"_links":{"self":[{"href":"https:\/\/hdpnoticias.com.ar\/index.php?rest_route=\/wp\/v2\/posts\/13741","targetHints":{"allow":["GET"]}}],"collection":[{"href":"https:\/\/hdpnoticias.com.ar\/index.php?rest_route=\/wp\/v2\/posts"}],"about":[{"href":"https:\/\/hdpnoticias.com.ar\/index.php?rest_route=\/wp\/v2\/types\/post"}],"author":[{"embeddable":true,"href":"https:\/\/hdpnoticias.com.ar\/index.php?rest_route=\/wp\/v2\/users\/1"}],"replies":[{"embeddable":true,"href":"https:\/\/hdpnoticias.com.ar\/index.php?rest_route=%2Fwp%2Fv2%2Fcomments&post=13741"}],"version-history":[{"count":1,"href":"https:\/\/hdpnoticias.com.ar\/index.php?rest_route=\/wp\/v2\/posts\/13741\/revisions"}],"predecessor-version":[{"id":13743,"href":"https:\/\/hdpnoticias.com.ar\/index.php?rest_route=\/wp\/v2\/posts\/13741\/revisions\/13743"}],"wp:featuredmedia":[{"embeddable":true,"href":"https:\/\/hdpnoticias.com.ar\/index.php?rest_route=\/wp\/v2\/media\/13742"}],"wp:attachment":[{"href":"https:\/\/hdpnoticias.com.ar\/index.php?rest_route=%2Fwp%2Fv2%2Fmedia&parent=13741"}],"wp:term":[{"taxonomy":"category","embeddable":true,"href":"https:\/\/hdpnoticias.com.ar\/index.php?rest_route=%2Fwp%2Fv2%2Fcategories&post=13741"},{"taxonomy":"post_tag","embeddable":true,"href":"https:\/\/hdpnoticias.com.ar\/index.php?rest_route=%2Fwp%2Fv2%2Ftags&post=13741"}],"curies":[{"name":"wp","href":"https:\/\/api.w.org\/{rel}","templated":true}]}}