{"id":1350,"date":"2023-03-17T08:50:00","date_gmt":"2023-03-17T11:50:00","guid":{"rendered":"http:\/\/hdpnoticias.com.ar\/?p=1350"},"modified":"2023-03-17T11:52:30","modified_gmt":"2023-03-17T14:52:30","slug":"camionero-borracho-cruzo-el-puente-escapando-de-la-policia-de-corrientes","status":"publish","type":"post","link":"https:\/\/hdpnoticias.com.ar\/?p=1350","title":{"rendered":"Camionero borracho cruz\u00f3 el puente escapando de la Polic\u00eda de Corrientes"},"content":{"rendered":"\n<p>La noche del mi\u00e9rcoles un hombre de 34 a\u00f1os que conduc\u00eda un cami\u00f3n Mercedes Benz con acoplado, cargado, dio positivo en un control de alcoholemia en el control policial en la cabecera correntina del puente interprovincial General Belgrano.<\/p>\n\n\n\n<p>Tras esta situaci\u00f3n, lejos de descender del cami\u00f3n, aceler\u00f3 y se dio a la fuga.<\/p>\n\n\n\n<p>En esas condiciones cruz\u00f3 el puente hacia Chaco.<\/p>\n\n\n\n<p>La Polic\u00eda de Corrientes alert\u00f3 a su par chaque\u00f1a y en un operativo conjunto con la Agencia Nacional de Seguridad Vial, fue r\u00e1pidamente detenido apenas traspas\u00f3 la estaci\u00f3n de peaje.<\/p>\n","protected":false},"excerpt":{"rendered":"<p>La noche del mi\u00e9rcoles un hombre de 34 a\u00f1os que conduc\u00eda un cami\u00f3n Mercedes Benz con acoplado, cargado, dio positivo en un control de alcoholemia en el control policial en la cabecera correntina del puente interprovincial General Belgrano. Tras esta situaci\u00f3n, lejos de descender del cami\u00f3n, aceler\u00f3 y se dio a la fuga. En esas [&hellip;]<\/p>\n","protected":false},"author":1,"featured_media":1351,"comment_status":"open","ping_status":"open","sticky":false,"template":"","format":"standard","meta":{"footnotes":""},"categories":[26],"tags":[544,369,158,37,169,970,127,304],"class_list":["post-1350","post","type-post","status-publish","format-standard","has-post-thumbnail","hentry","category-policiales","tag-alcoholemia","tag-borracho","tag-camionero","tag-chaco","tag-corrientes","tag-general-belgrano","tag-mercedes-benz","tag-puente"],"_links":{"self":[{"href":"https:\/\/hdpnoticias.com.ar\/index.php?rest_route=\/wp\/v2\/posts\/1350","targetHints":{"allow":["GET"]}}],"collection":[{"href":"https:\/\/hdpnoticias.com.ar\/index.php?rest_route=\/wp\/v2\/posts"}],"about":[{"href":"https:\/\/hdpnoticias.com.ar\/index.php?rest_route=\/wp\/v2\/types\/post"}],"author":[{"embeddable":true,"href":"https:\/\/hdpnoticias.com.ar\/index.php?rest_route=\/wp\/v2\/users\/1"}],"replies":[{"embeddable":true,"href":"https:\/\/hdpnoticias.com.ar\/index.php?rest_route=%2Fwp%2Fv2%2Fcomments&post=1350"}],"version-history":[{"count":1,"href":"https:\/\/hdpnoticias.com.ar\/index.php?rest_route=\/wp\/v2\/posts\/1350\/revisions"}],"predecessor-version":[{"id":1352,"href":"https:\/\/hdpnoticias.com.ar\/index.php?rest_route=\/wp\/v2\/posts\/1350\/revisions\/1352"}],"wp:featuredmedia":[{"embeddable":true,"href":"https:\/\/hdpnoticias.com.ar\/index.php?rest_route=\/wp\/v2\/media\/1351"}],"wp:attachment":[{"href":"https:\/\/hdpnoticias.com.ar\/index.php?rest_route=%2Fwp%2Fv2%2Fmedia&parent=1350"}],"wp:term":[{"taxonomy":"category","embeddable":true,"href":"https:\/\/hdpnoticias.com.ar\/index.php?rest_route=%2Fwp%2Fv2%2Fcategories&post=1350"},{"taxonomy":"post_tag","embeddable":true,"href":"https:\/\/hdpnoticias.com.ar\/index.php?rest_route=%2Fwp%2Fv2%2Ftags&post=1350"}],"curies":[{"name":"wp","href":"https:\/\/api.w.org\/{rel}","templated":true}]}}