{"id":13438,"date":"2026-01-28T16:00:34","date_gmt":"2026-01-28T19:00:34","guid":{"rendered":"https:\/\/hdpnoticias.com.ar\/?p=13438"},"modified":"2026-01-28T16:00:36","modified_gmt":"2026-01-28T19:00:36","slug":"choque-de-camiones-en-el-puente-general-belgrano","status":"publish","type":"post","link":"https:\/\/hdpnoticias.com.ar\/?p=13438","title":{"rendered":"Choque de camiones en el puente General Belgrano"},"content":{"rendered":"\n<figure class=\"wp-block-image size-full\"><img loading=\"lazy\" decoding=\"async\" width=\"720\" height=\"90\" src=\"http:\/\/hdpnoticias.com.ar\/wp-content\/uploads\/2024\/05\/Obras-Publicas.gif\" alt=\"\" class=\"wp-image-6818\"\/><\/figure>\n\n\n\n<p>El mediod\u00eda de este mi\u00e9rcoles un accidente de tr\u00e1nsito volvi\u00f3 a entorpecer el tr\u00e1nsito sobre el puente interprovincial General Belgrano.<\/p>\n\n\n\n<p>Esta vez los protagonistas fueron 2 camiones que se toparon en el carril en sentido a Chaco, ya en la bajada hacia la cabecera chaque\u00f1a.<\/p>\n\n\n\n<p>Uno de los veh\u00edculos embisti\u00f3 desde atr\u00e1s al otro, y sufri\u00f3 severos da\u00f1os que le impidieron continuar la marcha, quedando varado en lo alto de la estructura.<\/p>\n\n\n\n<p>Esto obstaculiz\u00f3 el tr\u00e1nsito precisamente en horario pico, generando demoras que derivaron en colas de varios kil\u00f3metros en ambas manos.<\/p>\n\n\n\n<iframe loading=\"lazy\" src=\"https:\/\/www.facebook.com\/plugins\/video.php?height=476&#038;href=https%3A%2F%2Fwww.facebook.com%2Freel%2F1705415680420007%2F&#038;show_text=false&#038;width=378&#038;t=0\" width=\"378\" height=\"476\" style=\"border:none;overflow:hidden\" scrolling=\"no\" frameborder=\"0\" allowfullscreen=\"true\" allow=\"autoplay; clipboard-write; encrypted-media; picture-in-picture; web-share\" allowFullScreen=\"true\"><\/iframe>\n\n\n\n\n\n<p><\/p>\n","protected":false},"excerpt":{"rendered":"<p>El mediod\u00eda de este mi\u00e9rcoles un accidente de tr\u00e1nsito volvi\u00f3 a entorpecer el tr\u00e1nsito sobre el puente interprovincial General Belgrano. Esta vez los protagonistas fueron 2 camiones que se toparon en el carril en sentido a Chaco, ya en la bajada hacia la cabecera chaque\u00f1a. Uno de los veh\u00edculos embisti\u00f3 desde atr\u00e1s al otro, y [&hellip;]<\/p>\n","protected":false},"author":1,"featured_media":13439,"comment_status":"open","ping_status":"open","sticky":false,"template":"","format":"standard","meta":{"footnotes":""},"categories":[26],"tags":[215,37,88,169,304,652],"class_list":["post-13438","post","type-post","status-publish","format-standard","has-post-thumbnail","hentry","category-policiales","tag-camion","tag-chaco","tag-choque","tag-corrientes","tag-puente","tag-transito-2"],"_links":{"self":[{"href":"https:\/\/hdpnoticias.com.ar\/index.php?rest_route=\/wp\/v2\/posts\/13438","targetHints":{"allow":["GET"]}}],"collection":[{"href":"https:\/\/hdpnoticias.com.ar\/index.php?rest_route=\/wp\/v2\/posts"}],"about":[{"href":"https:\/\/hdpnoticias.com.ar\/index.php?rest_route=\/wp\/v2\/types\/post"}],"author":[{"embeddable":true,"href":"https:\/\/hdpnoticias.com.ar\/index.php?rest_route=\/wp\/v2\/users\/1"}],"replies":[{"embeddable":true,"href":"https:\/\/hdpnoticias.com.ar\/index.php?rest_route=%2Fwp%2Fv2%2Fcomments&post=13438"}],"version-history":[{"count":1,"href":"https:\/\/hdpnoticias.com.ar\/index.php?rest_route=\/wp\/v2\/posts\/13438\/revisions"}],"predecessor-version":[{"id":13440,"href":"https:\/\/hdpnoticias.com.ar\/index.php?rest_route=\/wp\/v2\/posts\/13438\/revisions\/13440"}],"wp:featuredmedia":[{"embeddable":true,"href":"https:\/\/hdpnoticias.com.ar\/index.php?rest_route=\/wp\/v2\/media\/13439"}],"wp:attachment":[{"href":"https:\/\/hdpnoticias.com.ar\/index.php?rest_route=%2Fwp%2Fv2%2Fmedia&parent=13438"}],"wp:term":[{"taxonomy":"category","embeddable":true,"href":"https:\/\/hdpnoticias.com.ar\/index.php?rest_route=%2Fwp%2Fv2%2Fcategories&post=13438"},{"taxonomy":"post_tag","embeddable":true,"href":"https:\/\/hdpnoticias.com.ar\/index.php?rest_route=%2Fwp%2Fv2%2Ftags&post=13438"}],"curies":[{"name":"wp","href":"https:\/\/api.w.org\/{rel}","templated":true}]}}