{"id":13424,"date":"2026-01-26T18:20:00","date_gmt":"2026-01-26T21:20:00","guid":{"rendered":"https:\/\/hdpnoticias.com.ar\/?p=13424"},"modified":"2026-01-27T07:22:54","modified_gmt":"2026-01-27T10:22:54","slug":"ahora-si-el-miercoles-sube-el-boleto-de-colectivo","status":"publish","type":"post","link":"https:\/\/hdpnoticias.com.ar\/?p=13424","title":{"rendered":"Ahora s\u00ed: el mi\u00e9rcoles sube el boleto de colectivo"},"content":{"rendered":"\n<figure class=\"wp-block-image size-full\"><img loading=\"lazy\" decoding=\"async\" width=\"720\" height=\"90\" src=\"http:\/\/hdpnoticias.com.ar\/wp-content\/uploads\/2024\/05\/Obras-Publicas.gif\" alt=\"\" class=\"wp-image-6818\"\/><\/figure>\n\n\n\n<p>El boleto \u00fanico de transporte p\u00fablico urbano e interurbano de pasajeros del Gran Resistencia subir\u00e1 el pr\u00f3ximo mi\u00e9rcoles de 1.300 a 1.885 pesos, lo que equivale a un ajuste del 45%.<\/p>\n\n\n\n<p>La implementaci\u00f3n de la nueva tarifa estaba prevista para el pasado 12 de enero, pero fue pospuesta sin t\u00e9rmino. Finalmente la fecha lleg\u00f3.<\/p>\n\n\n\n<p>La Subsecretar\u00eda de Transporte de la Provincia reiter\u00f3 que la misma fue definida tras las 2 audiencias p\u00fablicas celebradas para debatir los estudios de costos presentados por las empresas y la autoridad de aplicaci\u00f3n.<\/p>\n\n\n\n<p>En esa oportunidad se estim\u00f3 una \u201ctarifa t\u00e9cnica\u201d de unos 2.800 pesos, que se reduce a 1.885 por el impacto del aporte del Estado provincial de un subsidio de 1.800 millones de pesos mensuales.<\/p>\n","protected":false},"excerpt":{"rendered":"<p>El boleto \u00fanico de transporte p\u00fablico urbano e interurbano de pasajeros del Gran Resistencia subir\u00e1 el pr\u00f3ximo mi\u00e9rcoles de 1.300 a 1.885 pesos, lo que equivale a un ajuste del 45%. La implementaci\u00f3n de la nueva tarifa estaba prevista para el pasado 12 de enero, pero fue pospuesta sin t\u00e9rmino. Finalmente la fecha lleg\u00f3. La [&hellip;]<\/p>\n","protected":false},"author":1,"featured_media":6932,"comment_status":"open","ping_status":"open","sticky":false,"template":"","format":"standard","meta":{"footnotes":""},"categories":[6],"tags":[3312,488,2971,49,3364,3372],"class_list":["post-13424","post","type-post","status-publish","format-standard","has-post-thumbnail","hentry","category-info-general","tag-boletazo","tag-colectivo","tag-provincia","tag-resistencia","tag-subsidio","tag-tarifa"],"_links":{"self":[{"href":"https:\/\/hdpnoticias.com.ar\/index.php?rest_route=\/wp\/v2\/posts\/13424","targetHints":{"allow":["GET"]}}],"collection":[{"href":"https:\/\/hdpnoticias.com.ar\/index.php?rest_route=\/wp\/v2\/posts"}],"about":[{"href":"https:\/\/hdpnoticias.com.ar\/index.php?rest_route=\/wp\/v2\/types\/post"}],"author":[{"embeddable":true,"href":"https:\/\/hdpnoticias.com.ar\/index.php?rest_route=\/wp\/v2\/users\/1"}],"replies":[{"embeddable":true,"href":"https:\/\/hdpnoticias.com.ar\/index.php?rest_route=%2Fwp%2Fv2%2Fcomments&post=13424"}],"version-history":[{"count":2,"href":"https:\/\/hdpnoticias.com.ar\/index.php?rest_route=\/wp\/v2\/posts\/13424\/revisions"}],"predecessor-version":[{"id":13430,"href":"https:\/\/hdpnoticias.com.ar\/index.php?rest_route=\/wp\/v2\/posts\/13424\/revisions\/13430"}],"wp:featuredmedia":[{"embeddable":true,"href":"https:\/\/hdpnoticias.com.ar\/index.php?rest_route=\/wp\/v2\/media\/6932"}],"wp:attachment":[{"href":"https:\/\/hdpnoticias.com.ar\/index.php?rest_route=%2Fwp%2Fv2%2Fmedia&parent=13424"}],"wp:term":[{"taxonomy":"category","embeddable":true,"href":"https:\/\/hdpnoticias.com.ar\/index.php?rest_route=%2Fwp%2Fv2%2Fcategories&post=13424"},{"taxonomy":"post_tag","embeddable":true,"href":"https:\/\/hdpnoticias.com.ar\/index.php?rest_route=%2Fwp%2Fv2%2Ftags&post=13424"}],"curies":[{"name":"wp","href":"https:\/\/api.w.org\/{rel}","templated":true}]}}