{"id":13419,"date":"2026-01-26T16:08:27","date_gmt":"2026-01-26T19:08:27","guid":{"rendered":"https:\/\/hdpnoticias.com.ar\/?p=13419"},"modified":"2026-01-26T16:22:43","modified_gmt":"2026-01-26T19:22:43","slug":"reforma-laboral-abraam-desmintio-a-la-la-calculadora-militante-de-perez-pons","status":"publish","type":"post","link":"https:\/\/hdpnoticias.com.ar\/?p=13419","title":{"rendered":"Reforma laboral: Abraam desminti\u00f3 a \u201cla calculadora militante\u201d de P\u00e9rez Pons"},"content":{"rendered":"\n<figure class=\"wp-block-image size-full\"><img loading=\"lazy\" decoding=\"async\" width=\"728\" height=\"90\" src=\"http:\/\/hdpnoticias.com.ar\/wp-content\/uploads\/2024\/05\/Nachec.gif\" alt=\"\" class=\"wp-image-6814\"\/><\/figure>\n\n\n\n<p>El diputado provincial Santiago P\u00e9rez Pons, exministro de Econom\u00eda, Planificaci\u00f3n e Infraestructura del \u00faltimo gobierno de Jorge Capitanich, cuestion\u00f3 el proyecto de ley de Reforma Laboral y alert\u00f3 sobre el impacto que la misma tendr\u00eda en las cuentas del Chaco que, seg\u00fan estim\u00f3, recibir\u00eda 230 mil millones de pesos menos.<\/p>\n\n\n\n<p>El ministro de Hacienda y Finanzas Alejandro Abraam, refut\u00f3 estas declaraciones: \u201cParece que el diputado P\u00e9rez Pons sigue con el mismo desconocimiento de los n\u00fameros que cuando era ministro. Afirmar que el Chaco perder\u00e1 230 mil millones es una fantas\u00eda contable destinada a asustar a la gente; eso solo ocurre en el metaverso econ\u00f3mico donde \u00e9l todav\u00eda cree ser el ministro\u201d, dijo.-<\/p>\n\n\n\n<p>Y argument\u00f3 que, \u201cseg\u00fan c\u00e1lculos de la Comisi\u00f3n Federal de Impuestos (CFI), el costo fiscal estimado para 2026 es de 10.500 millones\u201d, una diferencia que dijo que lo lleva a dudas si al diputado \u201cle fall\u00f3 el Excel o la honestidad intelectual\u201d.<\/p>\n\n\n\n<p>\u201dEl diputado P\u00e9rez Pons vuelve a demostrar que su relaci\u00f3n con los n\u00fameros sigue siendo tan precaria como cuando ocupaba el Ministerio de Econom\u00eda\u201d, dijo.<\/p>\n\n\n\n<p>\u201cTal vez no sorprenda, pero P\u00e9rez Pons fue parte central de una gesti\u00f3n que dej\u00f3 al Gran Resistencia con un 76% de pobreza, con indigencia r\u00e9cord y con un interior provincial estancado, sin empleo privado y sin horizonte. Pretender ahora dar lecciones de \u201ccrecimiento\u201d y resulta, como m\u00ednimo, una provocaci\u00f3n.<\/p>\n\n\n\n<p>\u201cEl diputado parece vivir en una realidad paralela: para \u00e9l los n\u00fameros son dibujos ideol\u00f3gicos; para los chaque\u00f1os fueron hambre, atraso y dependencia. Esa es la verdadera herencia de la que nunca se hace cargo\u201d.<\/p>\n\n\n\n<p>\u201cLo que realmente lo desvela no es el bienestar de los trabajadores ni el futuro del Chaco; lo que lo incomoda es que una reforma laboral moderna empiece a desarmar el negocio de la industria del juicio, ese sistema perverso que asfixi\u00f3 a las PYMES y congel\u00f3 el empleo privado durante a\u00f1os, mientras algunos pocos hac\u00edan caja. Su discurso suena a nostalgia. Nostalgia de la intermediaci\u00f3n, de los recursos que no llegaban a la gente sino a estructuras pol\u00edticas amigas y durante su gesti\u00f3n, los fondos no generaron trabajo genuino: alimentaron un modelo donde progresaban los intermediarios de la pobreza, no los chaque\u00f1os\u201d.<\/p>\n","protected":false},"excerpt":{"rendered":"<p>El diputado provincial Santiago P\u00e9rez Pons, exministro de Econom\u00eda, Planificaci\u00f3n e Infraestructura del \u00faltimo gobierno de Jorge Capitanich, cuestion\u00f3 el proyecto de ley de Reforma Laboral y alert\u00f3 sobre el impacto que la misma tendr\u00eda en las cuentas del Chaco que, seg\u00fan estim\u00f3, recibir\u00eda 230 mil millones de pesos menos. El ministro de Hacienda y [&hellip;]<\/p>\n","protected":false},"author":1,"featured_media":13420,"comment_status":"open","ping_status":"open","sticky":false,"template":"","format":"standard","meta":{"footnotes":""},"categories":[27],"tags":[4798,5581,29,37,235,5580],"class_list":["post-13419","post","type-post","status-publish","format-standard","has-post-thumbnail","hentry","category-politica","tag-abraam","tag-calculadora","tag-capitanich","tag-chaco","tag-perez-pons","tag-reforma-laboral"],"_links":{"self":[{"href":"https:\/\/hdpnoticias.com.ar\/index.php?rest_route=\/wp\/v2\/posts\/13419","targetHints":{"allow":["GET"]}}],"collection":[{"href":"https:\/\/hdpnoticias.com.ar\/index.php?rest_route=\/wp\/v2\/posts"}],"about":[{"href":"https:\/\/hdpnoticias.com.ar\/index.php?rest_route=\/wp\/v2\/types\/post"}],"author":[{"embeddable":true,"href":"https:\/\/hdpnoticias.com.ar\/index.php?rest_route=\/wp\/v2\/users\/1"}],"replies":[{"embeddable":true,"href":"https:\/\/hdpnoticias.com.ar\/index.php?rest_route=%2Fwp%2Fv2%2Fcomments&post=13419"}],"version-history":[{"count":2,"href":"https:\/\/hdpnoticias.com.ar\/index.php?rest_route=\/wp\/v2\/posts\/13419\/revisions"}],"predecessor-version":[{"id":13422,"href":"https:\/\/hdpnoticias.com.ar\/index.php?rest_route=\/wp\/v2\/posts\/13419\/revisions\/13422"}],"wp:featuredmedia":[{"embeddable":true,"href":"https:\/\/hdpnoticias.com.ar\/index.php?rest_route=\/wp\/v2\/media\/13420"}],"wp:attachment":[{"href":"https:\/\/hdpnoticias.com.ar\/index.php?rest_route=%2Fwp%2Fv2%2Fmedia&parent=13419"}],"wp:term":[{"taxonomy":"category","embeddable":true,"href":"https:\/\/hdpnoticias.com.ar\/index.php?rest_route=%2Fwp%2Fv2%2Fcategories&post=13419"},{"taxonomy":"post_tag","embeddable":true,"href":"https:\/\/hdpnoticias.com.ar\/index.php?rest_route=%2Fwp%2Fv2%2Ftags&post=13419"}],"curies":[{"name":"wp","href":"https:\/\/api.w.org\/{rel}","templated":true}]}}