{"id":1340,"date":"2023-03-16T22:05:17","date_gmt":"2023-03-17T01:05:17","guid":{"rendered":"http:\/\/hdpnoticias.com.ar\/?p=1340"},"modified":"2023-04-10T08:55:00","modified_gmt":"2023-04-10T11:55:00","slug":"el-18-de-junio-arranca-el-calendario-electoral-en-chaco","status":"publish","type":"post","link":"https:\/\/hdpnoticias.com.ar\/?p=1340","title":{"rendered":"El 18 de junio arranca el calendario electoral en Chaco"},"content":{"rendered":"\n<p>El gobernador Jorge Capitanich defini\u00f3 el calendario electoral despu\u00e9s de que la Justicia declarara inconstitucionales la ley que suspendi\u00f3 las elecciones primarias, abiertas, simult\u00e1neas y obligatorias y la que habilit\u00f3 las listas colectores.<\/p>\n\n\n\n<p>Las Paso ser\u00e1n el 18 de junio y las generales el 17 de septiembre, y una eventual segunda vuelta el 8 de octubre.<\/p>\n\n\n\n<p>En elecciones provinciales Chaco elige este a\u00f1o gobernador y vicegobernador, y 16 diputados provinciales.<\/p>\n\n\n\n<p>Resta a\u00f1adir a estas convocatorias el cronograma de Paso, generales y segunda vuelta para las elecciones de presidente y vicepresidente de la Naci\u00f3n, y diputados nacionales.<\/p>\n","protected":false},"excerpt":{"rendered":"<p>El gobernador Jorge Capitanich defini\u00f3 el calendario electoral despu\u00e9s de que la Justicia declarara inconstitucionales la ley que suspendi\u00f3 las elecciones primarias, abiertas, simult\u00e1neas y obligatorias y la que habilit\u00f3 las listas colectores. Las Paso ser\u00e1n el 18 de junio y las generales el 17 de septiembre, y una eventual segunda vuelta el 8 de [&hellip;]<\/p>\n","protected":false},"author":1,"featured_media":1342,"comment_status":"open","ping_status":"open","sticky":false,"template":"","format":"standard","meta":{"footnotes":""},"categories":[27],"tags":[71,246,244,960,249,454,245,961,455],"class_list":["post-1340","post","type-post","status-publish","format-standard","has-post-thumbnail","hentry","category-politica","tag-diputados","tag-elecciones","tag-gobernador","tag-inconstitucionales","tag-paso","tag-presidente","tag-primarias","tag-vicegobernador","tag-vicepresidente"],"_links":{"self":[{"href":"https:\/\/hdpnoticias.com.ar\/index.php?rest_route=\/wp\/v2\/posts\/1340","targetHints":{"allow":["GET"]}}],"collection":[{"href":"https:\/\/hdpnoticias.com.ar\/index.php?rest_route=\/wp\/v2\/posts"}],"about":[{"href":"https:\/\/hdpnoticias.com.ar\/index.php?rest_route=\/wp\/v2\/types\/post"}],"author":[{"embeddable":true,"href":"https:\/\/hdpnoticias.com.ar\/index.php?rest_route=\/wp\/v2\/users\/1"}],"replies":[{"embeddable":true,"href":"https:\/\/hdpnoticias.com.ar\/index.php?rest_route=%2Fwp%2Fv2%2Fcomments&post=1340"}],"version-history":[{"count":3,"href":"https:\/\/hdpnoticias.com.ar\/index.php?rest_route=\/wp\/v2\/posts\/1340\/revisions"}],"predecessor-version":[{"id":1688,"href":"https:\/\/hdpnoticias.com.ar\/index.php?rest_route=\/wp\/v2\/posts\/1340\/revisions\/1688"}],"wp:featuredmedia":[{"embeddable":true,"href":"https:\/\/hdpnoticias.com.ar\/index.php?rest_route=\/wp\/v2\/media\/1342"}],"wp:attachment":[{"href":"https:\/\/hdpnoticias.com.ar\/index.php?rest_route=%2Fwp%2Fv2%2Fmedia&parent=1340"}],"wp:term":[{"taxonomy":"category","embeddable":true,"href":"https:\/\/hdpnoticias.com.ar\/index.php?rest_route=%2Fwp%2Fv2%2Fcategories&post=1340"},{"taxonomy":"post_tag","embeddable":true,"href":"https:\/\/hdpnoticias.com.ar\/index.php?rest_route=%2Fwp%2Fv2%2Ftags&post=1340"}],"curies":[{"name":"wp","href":"https:\/\/api.w.org\/{rel}","templated":true}]}}