{"id":13327,"date":"2026-01-15T06:54:55","date_gmt":"2026-01-15T09:54:55","guid":{"rendered":"https:\/\/hdpnoticias.com.ar\/?p=13327"},"modified":"2026-01-15T06:54:57","modified_gmt":"2026-01-15T09:54:57","slug":"un-camion-perdio-2-ruedas-en-la-ruta-16-y-causo-un-accidente","status":"publish","type":"post","link":"https:\/\/hdpnoticias.com.ar\/?p=13327","title":{"rendered":"Un cami\u00f3n perdi\u00f3 2 ruedas en la ruta 16 y caus\u00f3 un accidente"},"content":{"rendered":"\n<figure class=\"wp-block-image size-full\"><img loading=\"lazy\" decoding=\"async\" width=\"728\" height=\"90\" src=\"http:\/\/hdpnoticias.com.ar\/wp-content\/uploads\/2024\/05\/Nachec.gif\" alt=\"\" class=\"wp-image-6814\"\/><\/figure>\n\n\n\n<p>Minutos antes de la medianoche del mi\u00e9rcoles, un cami\u00f3n Iveco con acoplado perdi\u00f3 2 ruedas cuando transitaba por la ruta nacional 16, en inmediaciones de Presidencia de la Plaza.<\/p>\n\n\n\n<p>Un hombre que viajaba con su familia en un autom\u00f3vil Fiat fue sorprendido por estas piezas rodando en medio de la cinta asf\u00e1ltica y no pudo evitar la colisi\u00f3n.<\/p>\n\n\n\n<p>Tras el impacto perdi\u00f3 el control del auto.<\/p>\n\n\n\n<p>A pesar de las particularidades del siniestro, no hubo que lamentar da\u00f1os significativos en las personas involucradas.<\/p>\n","protected":false},"excerpt":{"rendered":"<p>Minutos antes de la medianoche del mi\u00e9rcoles, un cami\u00f3n Iveco con acoplado perdi\u00f3 2 ruedas cuando transitaba por la ruta nacional 16, en inmediaciones de Presidencia de la Plaza. Un hombre que viajaba con su familia en un autom\u00f3vil Fiat fue sorprendido por estas piezas rodando en medio de la cinta asf\u00e1ltica y no pudo [&hellip;]<\/p>\n","protected":false},"author":1,"featured_media":13328,"comment_status":"open","ping_status":"open","sticky":false,"template":"","format":"standard","meta":{"footnotes":""},"categories":[26],"tags":[37,154,340,357,218],"class_list":["post-13327","post","type-post","status-publish","format-standard","has-post-thumbnail","hentry","category-policiales","tag-chaco","tag-fiat","tag-iveco","tag-plaza","tag-ruta-16"],"_links":{"self":[{"href":"https:\/\/hdpnoticias.com.ar\/index.php?rest_route=\/wp\/v2\/posts\/13327","targetHints":{"allow":["GET"]}}],"collection":[{"href":"https:\/\/hdpnoticias.com.ar\/index.php?rest_route=\/wp\/v2\/posts"}],"about":[{"href":"https:\/\/hdpnoticias.com.ar\/index.php?rest_route=\/wp\/v2\/types\/post"}],"author":[{"embeddable":true,"href":"https:\/\/hdpnoticias.com.ar\/index.php?rest_route=\/wp\/v2\/users\/1"}],"replies":[{"embeddable":true,"href":"https:\/\/hdpnoticias.com.ar\/index.php?rest_route=%2Fwp%2Fv2%2Fcomments&post=13327"}],"version-history":[{"count":1,"href":"https:\/\/hdpnoticias.com.ar\/index.php?rest_route=\/wp\/v2\/posts\/13327\/revisions"}],"predecessor-version":[{"id":13329,"href":"https:\/\/hdpnoticias.com.ar\/index.php?rest_route=\/wp\/v2\/posts\/13327\/revisions\/13329"}],"wp:featuredmedia":[{"embeddable":true,"href":"https:\/\/hdpnoticias.com.ar\/index.php?rest_route=\/wp\/v2\/media\/13328"}],"wp:attachment":[{"href":"https:\/\/hdpnoticias.com.ar\/index.php?rest_route=%2Fwp%2Fv2%2Fmedia&parent=13327"}],"wp:term":[{"taxonomy":"category","embeddable":true,"href":"https:\/\/hdpnoticias.com.ar\/index.php?rest_route=%2Fwp%2Fv2%2Fcategories&post=13327"},{"taxonomy":"post_tag","embeddable":true,"href":"https:\/\/hdpnoticias.com.ar\/index.php?rest_route=%2Fwp%2Fv2%2Ftags&post=13327"}],"curies":[{"name":"wp","href":"https:\/\/api.w.org\/{rel}","templated":true}]}}