{"id":1332,"date":"2023-03-16T06:33:37","date_gmt":"2023-03-16T09:33:37","guid":{"rendered":"http:\/\/hdpnoticias.com.ar\/?p=1332"},"modified":"2023-03-16T06:39:09","modified_gmt":"2023-03-16T09:39:09","slug":"panzardi-capitanich-jamas-se-quedo-con-un-solo-peso-de-la-obra-publica","status":"publish","type":"post","link":"https:\/\/hdpnoticias.com.ar\/?p=1332","title":{"rendered":"Panzardi: Capitanich jam\u00e1s se qued\u00f3 con un solo peso de la obra p\u00fablica"},"content":{"rendered":"\n<p>La diputada coquista Claudia Panzardi fue condenada en febrero de 2021 en una causa iniciada por el diputado radical Livio Guti\u00e9rrez por \u201cda\u00f1os y perjuicios, y da\u00f1o moral\u201d, a ra\u00edz de una serie de publicaciones que realizara en las redes sociales, principalmente una en la que se\u00f1alaba que \u00e9ste habr\u00eda sido denunciado por su esposa por violencia de g\u00e9nero y habr\u00eda \u201ctapado todo\u201d, una denuncia que nunca existi\u00f3, seg\u00fan se demostr\u00f3 en el juicio.<\/p>\n\n\n\n<p>El fallo fue ratificado por mayor\u00eda la semana pasada por la C\u00e1mara de Apelaciones Civil y Comercial de Charata, que integran las juezas Patricia C\u00edmbaro Canella, Ester Liliana Schmutzler y Andrea Fabiana S\u00e1nchez.<\/p>\n\n\n\n<p>\u201cNo es un mill\u00f3n de pesos, como vi publicado en varios medios, sino m\u00e1s de 12 millones, entre 12 y 16 millones\u201d, describi\u00f3 la legisladora el monto de la indemnizaci\u00f3n por la causa iniciada en 2016 que debe ser actualizada. \u201cPorque son 4 demandas, porque no s\u00f3lo me demand\u00f3 Livio Guti\u00e9rrez, sino tambi\u00e9n su esposa, su hija mayor y su hija menor representada por su madre\u201d, agreg\u00f3.<\/p>\n\n\n\n<p>El fallo, seg\u00fan calcul\u00f3, la dejar\u00e1 pr\u00e1cticamente en la ruina y para hacer frente a esa obligaci\u00f3n tendr\u00eda que vender el campo que hered\u00f3 de su padre. \u201cS\u00f3lo le interesa el dinero, porque si fuera por el honor, hubiera ganado mucho m\u00e1s con unas disculpas p\u00fablicas\u201d, dijo.<\/p>\n\n\n\n<p>Las publicaciones que derivaron en la demanda fueron escritas por ellas como una manera de refutar a Livio Guti\u00e9rrez que en ese momento criticaba en el programa Intratables, conducido por Santiago del Moro en un medio nacional, el manejo de la obra p\u00fablica en la provincia durante la gesti\u00f3n de Jorge Capitanich, que en ese momento era intendente de Resistencia.<\/p>\n\n\n\n<p>\u201c\u00bfEste garr\u00f3n se lo come por defender a Capitanich?\u201d, le pregunt\u00f3 el periodista Gustavo Ramela a Panzardi, en Radio Visi\u00f3n, de Presidencia Roque S\u00e1enz Pe\u00f1a. \u201cDe ninguna manera\u201d, dijo r\u00e1pidamente ella.<\/p>\n\n\n\n<p>\u201cNo me como este garr\u00f3n por defender a Capitanich. Capitanich no necesita que yo lo defienda, ni que nadie lo defienda, porque es un dirigente, un gobernante que siempre se ha manejado de una manera absolutamente honesta\u201d, remarc\u00f3.<\/p>\n\n\n\n<p>\u201cEste garr\u00f3n me lo como por la falta de criterio de quienes han juzgado en Charata\u201d, dijo, y dudando de la imparcialidad de las juezas por ser de \u201cla zona\u201d donde Guti\u00e9rrez se desempe\u00f1a como abogado y tiene amigos.<\/p>\n\n\n\n<p>\u201cNo voy a hacerle cargo de ninguna manera al gobernador porque lo que yo digo es la verdad\u00f3: \u00c9l no se qued\u00f3 jam\u00e1s con un solo peso de la obra p\u00fablica. Las obras est\u00e1n a la vista\u201d, remat\u00f3, como se dice vulgarmente: poniendo las manos en el fuego.<\/p>\n","protected":false},"excerpt":{"rendered":"<p>La diputada coquista Claudia Panzardi fue condenada en febrero de 2021 en una causa iniciada por el diputado radical Livio Guti\u00e9rrez por \u201cda\u00f1os y perjuicios, y da\u00f1o moral\u201d, a ra\u00edz de una serie de publicaciones que realizara en las redes sociales, principalmente una en la que se\u00f1alaba que \u00e9ste habr\u00eda sido denunciado por su esposa [&hellip;]<\/p>\n","protected":false},"author":1,"featured_media":1333,"comment_status":"open","ping_status":"open","sticky":false,"template":"","format":"standard","meta":{"footnotes":""},"categories":[27],"tags":[29,91,682,952,953,137,954,655,548],"class_list":["post-1332","post","type-post","status-publish","format-standard","has-post-thumbnail","hentry","category-politica","tag-capitanich","tag-charata","tag-diputado","tag-gutierrez","tag-livio","tag-millones","tag-obra-publica","tag-panzardi","tag-violencia-de-genero"],"_links":{"self":[{"href":"https:\/\/hdpnoticias.com.ar\/index.php?rest_route=\/wp\/v2\/posts\/1332","targetHints":{"allow":["GET"]}}],"collection":[{"href":"https:\/\/hdpnoticias.com.ar\/index.php?rest_route=\/wp\/v2\/posts"}],"about":[{"href":"https:\/\/hdpnoticias.com.ar\/index.php?rest_route=\/wp\/v2\/types\/post"}],"author":[{"embeddable":true,"href":"https:\/\/hdpnoticias.com.ar\/index.php?rest_route=\/wp\/v2\/users\/1"}],"replies":[{"embeddable":true,"href":"https:\/\/hdpnoticias.com.ar\/index.php?rest_route=%2Fwp%2Fv2%2Fcomments&post=1332"}],"version-history":[{"count":2,"href":"https:\/\/hdpnoticias.com.ar\/index.php?rest_route=\/wp\/v2\/posts\/1332\/revisions"}],"predecessor-version":[{"id":1336,"href":"https:\/\/hdpnoticias.com.ar\/index.php?rest_route=\/wp\/v2\/posts\/1332\/revisions\/1336"}],"wp:featuredmedia":[{"embeddable":true,"href":"https:\/\/hdpnoticias.com.ar\/index.php?rest_route=\/wp\/v2\/media\/1333"}],"wp:attachment":[{"href":"https:\/\/hdpnoticias.com.ar\/index.php?rest_route=%2Fwp%2Fv2%2Fmedia&parent=1332"}],"wp:term":[{"taxonomy":"category","embeddable":true,"href":"https:\/\/hdpnoticias.com.ar\/index.php?rest_route=%2Fwp%2Fv2%2Fcategories&post=1332"},{"taxonomy":"post_tag","embeddable":true,"href":"https:\/\/hdpnoticias.com.ar\/index.php?rest_route=%2Fwp%2Fv2%2Ftags&post=1332"}],"curies":[{"name":"wp","href":"https:\/\/api.w.org\/{rel}","templated":true}]}}