{"id":13285,"date":"2026-01-09T22:19:42","date_gmt":"2026-01-10T01:19:42","guid":{"rendered":"https:\/\/hdpnoticias.com.ar\/?p=13285"},"modified":"2026-01-09T22:21:14","modified_gmt":"2026-01-10T01:21:14","slug":"sargento-de-la-policia-se-mato-con-su-arma-reglamentaria-en-plaza","status":"publish","type":"post","link":"https:\/\/hdpnoticias.com.ar\/?p=13285","title":{"rendered":"Sargento de la Polic\u00eda del Chaco se mat\u00f3 con su arma reglamentaria en Plaza"},"content":{"rendered":"\n<figure class=\"wp-block-image size-full\"><img loading=\"lazy\" decoding=\"async\" width=\"720\" height=\"90\" src=\"http:\/\/hdpnoticias.com.ar\/wp-content\/uploads\/2024\/05\/Copy-of-720x90-1.gif\" alt=\"\" class=\"wp-image-6806\"\/><\/figure>\n\n\n\n<p>El mediod\u00eda de este viernes un llamado a la comisar\u00eda de Presidencia de la Plaza alert\u00f3 sobre un hombre herido de arma de fuego en un domicilio particular.<\/p>\n\n\n\n<p>La comisi\u00f3n que acudi\u00f3 al lugar supo que se trataba de Claudio Miguel Roncevich, sargento primero de la Polic\u00eda del Chaco, que ya estaba muerto.<\/p>\n\n\n\n<p>Aunque la investigaci\u00f3n est\u00e1 en ciernes, la principal hip\u00f3tesis indica que el oficial se habr\u00eda suicidado dispar\u00e1ndose con su arma reglamentaria.<\/p>\n\n\n\n<p>Roncevich resid\u00eda en Plaza pero prestaba servicio en la comisar\u00eda de Machagai.<\/p>\n\n\n\n<p>Esto ocurre apenas 2 d\u00edas despu\u00e9s de que una agente recientemente incorporada a la fuerza amenazara con quitarse la vida con la pistola reglamentaria que acababa de recibir.<\/p>\n","protected":false},"excerpt":{"rendered":"<p>El mediod\u00eda de este viernes un llamado a la comisar\u00eda de Presidencia de la Plaza alert\u00f3 sobre un hombre herido de arma de fuego en un domicilio particular. La comisi\u00f3n que acudi\u00f3 al lugar supo que se trataba de Claudio Miguel Roncevich, sargento primero de la Polic\u00eda del Chaco, que ya estaba muerto. Aunque la [&hellip;]<\/p>\n","protected":false},"author":1,"featured_media":13286,"comment_status":"open","ping_status":"open","sticky":false,"template":"","format":"standard","meta":{"footnotes":""},"categories":[26],"tags":[941,3200,115],"class_list":["post-13285","post","type-post","status-publish","format-standard","has-post-thumbnail","hentry","category-policiales","tag-machagai","tag-policia-del-chaco","tag-suicidio"],"_links":{"self":[{"href":"https:\/\/hdpnoticias.com.ar\/index.php?rest_route=\/wp\/v2\/posts\/13285","targetHints":{"allow":["GET"]}}],"collection":[{"href":"https:\/\/hdpnoticias.com.ar\/index.php?rest_route=\/wp\/v2\/posts"}],"about":[{"href":"https:\/\/hdpnoticias.com.ar\/index.php?rest_route=\/wp\/v2\/types\/post"}],"author":[{"embeddable":true,"href":"https:\/\/hdpnoticias.com.ar\/index.php?rest_route=\/wp\/v2\/users\/1"}],"replies":[{"embeddable":true,"href":"https:\/\/hdpnoticias.com.ar\/index.php?rest_route=%2Fwp%2Fv2%2Fcomments&post=13285"}],"version-history":[{"count":2,"href":"https:\/\/hdpnoticias.com.ar\/index.php?rest_route=\/wp\/v2\/posts\/13285\/revisions"}],"predecessor-version":[{"id":13288,"href":"https:\/\/hdpnoticias.com.ar\/index.php?rest_route=\/wp\/v2\/posts\/13285\/revisions\/13288"}],"wp:featuredmedia":[{"embeddable":true,"href":"https:\/\/hdpnoticias.com.ar\/index.php?rest_route=\/wp\/v2\/media\/13286"}],"wp:attachment":[{"href":"https:\/\/hdpnoticias.com.ar\/index.php?rest_route=%2Fwp%2Fv2%2Fmedia&parent=13285"}],"wp:term":[{"taxonomy":"category","embeddable":true,"href":"https:\/\/hdpnoticias.com.ar\/index.php?rest_route=%2Fwp%2Fv2%2Fcategories&post=13285"},{"taxonomy":"post_tag","embeddable":true,"href":"https:\/\/hdpnoticias.com.ar\/index.php?rest_route=%2Fwp%2Fv2%2Ftags&post=13285"}],"curies":[{"name":"wp","href":"https:\/\/api.w.org\/{rel}","templated":true}]}}