{"id":1317,"date":"2023-03-14T21:55:00","date_gmt":"2023-03-15T00:55:00","guid":{"rendered":"http:\/\/hdpnoticias.com.ar\/?p=1317"},"modified":"2023-03-14T22:32:03","modified_gmt":"2023-03-15T01:32:03","slug":"alberto-pasara-3-dias-en-reposo-por-una-hernia-de-disco","status":"publish","type":"post","link":"https:\/\/hdpnoticias.com.ar\/?p=1317","title":{"rendered":"Alberto pasar\u00e1 3 d\u00edas en reposo por una hernia de disco"},"content":{"rendered":"\n<p>El presidente <strong><a href=\"http:\/\/hdpnoticias.com.ar\/?p=1312\" target=\"_blank\" rel=\"noreferrer noopener\">Alberto Fern\u00e1ndez fue trasladado de urgencia<\/a><\/strong> el atardecer de este martes al Sanatorio Otamendi por un fuerte dolor en la zona lumbar.<\/p>\n\n\n\n<p>El malestar se hab\u00eda manifestado algunas horas antes cuando se encontraba en la Casa Rosada, pero se agudiz\u00f3 al llegar a la residencia de Olivos.<\/p>\n\n\n\n<p>La Unidad M\u00e9dica Presidencial decidi\u00f3 su traslado para obtener un diagn\u00f3stico preciso que permita administrar el tratamiento. Minutos antes de las 22, luego de una serie de ex\u00e1menes, fue dado de alta y se retir\u00f3 acompa\u00f1ado por la primera dama Fabiola Y\u00e1\u00f1ez.<\/p>\n\n\n\n<p>Le detectaron una hernia de disco en el tramo lumbar de la columna vertebral y tendr\u00e1 que pasar las pr\u00f3ximas 48 o 72 horas en reposo.<\/p>\n\n\n\n<p>Este mi\u00e9rcoles deb\u00eda viajar a Chaco para inaugurar un tramo de la autov\u00eda de la ruta nacional 11 y el edificio de la Facultad de Artes, Dise\u00f1o y Ciencias de la Cultura de la Unne, en Resistencia.<\/p>\n","protected":false},"excerpt":{"rendered":"<p>El presidente Alberto Fern\u00e1ndez fue trasladado de urgencia el atardecer de este martes al Sanatorio Otamendi por un fuerte dolor en la zona lumbar. El malestar se hab\u00eda manifestado algunas horas antes cuando se encontraba en la Casa Rosada, pero se agudiz\u00f3 al llegar a la residencia de Olivos. La Unidad M\u00e9dica Presidencial decidi\u00f3 su [&hellip;]<\/p>\n","protected":false},"author":1,"featured_media":673,"comment_status":"open","ping_status":"open","sticky":false,"template":"","format":"standard","meta":{"footnotes":""},"categories":[27],"tags":[68,37,938,937,936,930,168,454,939],"class_list":["post-1317","post","type-post","status-publish","format-standard","has-post-thumbnail","hentry","category-politica","tag-alberto","tag-chaco","tag-columna","tag-disco","tag-hernia","tag-lumbar","tag-nacion","tag-presidente","tag-reposo"],"_links":{"self":[{"href":"https:\/\/hdpnoticias.com.ar\/index.php?rest_route=\/wp\/v2\/posts\/1317","targetHints":{"allow":["GET"]}}],"collection":[{"href":"https:\/\/hdpnoticias.com.ar\/index.php?rest_route=\/wp\/v2\/posts"}],"about":[{"href":"https:\/\/hdpnoticias.com.ar\/index.php?rest_route=\/wp\/v2\/types\/post"}],"author":[{"embeddable":true,"href":"https:\/\/hdpnoticias.com.ar\/index.php?rest_route=\/wp\/v2\/users\/1"}],"replies":[{"embeddable":true,"href":"https:\/\/hdpnoticias.com.ar\/index.php?rest_route=%2Fwp%2Fv2%2Fcomments&post=1317"}],"version-history":[{"count":1,"href":"https:\/\/hdpnoticias.com.ar\/index.php?rest_route=\/wp\/v2\/posts\/1317\/revisions"}],"predecessor-version":[{"id":1318,"href":"https:\/\/hdpnoticias.com.ar\/index.php?rest_route=\/wp\/v2\/posts\/1317\/revisions\/1318"}],"wp:featuredmedia":[{"embeddable":true,"href":"https:\/\/hdpnoticias.com.ar\/index.php?rest_route=\/wp\/v2\/media\/673"}],"wp:attachment":[{"href":"https:\/\/hdpnoticias.com.ar\/index.php?rest_route=%2Fwp%2Fv2%2Fmedia&parent=1317"}],"wp:term":[{"taxonomy":"category","embeddable":true,"href":"https:\/\/hdpnoticias.com.ar\/index.php?rest_route=%2Fwp%2Fv2%2Fcategories&post=1317"},{"taxonomy":"post_tag","embeddable":true,"href":"https:\/\/hdpnoticias.com.ar\/index.php?rest_route=%2Fwp%2Fv2%2Ftags&post=1317"}],"curies":[{"name":"wp","href":"https:\/\/api.w.org\/{rel}","templated":true}]}}