{"id":1309,"date":"2023-03-14T10:17:46","date_gmt":"2023-03-14T13:17:46","guid":{"rendered":"http:\/\/hdpnoticias.com.ar\/?p=1309"},"modified":"2023-03-14T10:17:50","modified_gmt":"2023-03-14T13:17:50","slug":"gustavo-se-anota-en-las-paso-voy-a-ser-candidato-a-gobernador","status":"publish","type":"post","link":"https:\/\/hdpnoticias.com.ar\/?p=1309","title":{"rendered":"Gustavo se anota en las Paso: Voy a ser candidato a gobernador"},"content":{"rendered":"\n<p>El intendente de Resistencia: Gustavo Mart\u00ednez est\u00e1 lanzado como precandidato a gobernador. As\u00ed lo confirm\u00f3 despu\u00e9s de que la Justicia declarara inconstitucional la ley que en diciembre de 2022 suspendi\u00f3 las elecciones primarias, abiertas, simult\u00e1neas y obligatorias de este a\u00f1o.<\/p>\n\n\n\n<p>La definici\u00f3n del STJ impact\u00f3 en el calendario electoral que ya hab\u00eda sido fijado por el gobernador Jorge Capitanich que ya a fines del a\u00f1o pasado convoc\u00f3 para el pr\u00f3ximo 17 de septiembre a elecciones de gobernador y vicegobernador, y 16 diputados provinciales.<\/p>\n\n\n\n<p>Mart\u00ednez dijo que la Corriente de Expresi\u00f3n Renovadora (CER para Todos), que \u00e9l lidera, participar\u00e1 de las Paso. En esa empresa recorre desde hace un buen tiempo toda la provincia para encontrarse con dirigentes y militantes de diversos sectores pol\u00edticos.<\/p>\n\n\n\n<p>Resta conocer c\u00f3mo se conformar\u00e1 la propuesta oficialista, considerando que tambi\u00e9n se perfila el exgobernador Domingo Peppo, actual embajador argentino en Paraguay, que adhiere a la reelecci\u00f3n del presidente Alberto Fern\u00e1ndez, y entabla una relaci\u00f3n con el Frente Renovador del ministro de Econom\u00eda: Sergio Massa.<\/p>\n\n\n\n<p>Y por el otro Capitanich busca avales para integrar la f\u00f3rmula kirchnerista en las Paso del Frente de Todos, sin abandonar la idea de ir una vez m\u00e1s por la reelecci\u00f3n como gobernador.<\/p>\n","protected":false},"excerpt":{"rendered":"<p>El intendente de Resistencia: Gustavo Mart\u00ednez est\u00e1 lanzado como precandidato a gobernador. As\u00ed lo confirm\u00f3 despu\u00e9s de que la Justicia declarara inconstitucional la ley que en diciembre de 2022 suspendi\u00f3 las elecciones primarias, abiertas, simult\u00e1neas y obligatorias de este a\u00f1o. La definici\u00f3n del STJ impact\u00f3 en el calendario electoral que ya hab\u00eda sido fijado por [&hellip;]<\/p>\n","protected":false},"author":1,"featured_media":1310,"comment_status":"open","ping_status":"open","sticky":false,"template":"","format":"standard","meta":{"footnotes":""},"categories":[26],"tags":[68,29,929,349,244,242,642,249,241,245],"class_list":["post-1309","post","type-post","status-publish","format-standard","has-post-thumbnail","hentry","category-policiales","tag-alberto","tag-capitanich","tag-cer","tag-frente-de-todos","tag-gobernador","tag-gustavo","tag-martinez","tag-paso","tag-peppo","tag-primarias"],"_links":{"self":[{"href":"https:\/\/hdpnoticias.com.ar\/index.php?rest_route=\/wp\/v2\/posts\/1309","targetHints":{"allow":["GET"]}}],"collection":[{"href":"https:\/\/hdpnoticias.com.ar\/index.php?rest_route=\/wp\/v2\/posts"}],"about":[{"href":"https:\/\/hdpnoticias.com.ar\/index.php?rest_route=\/wp\/v2\/types\/post"}],"author":[{"embeddable":true,"href":"https:\/\/hdpnoticias.com.ar\/index.php?rest_route=\/wp\/v2\/users\/1"}],"replies":[{"embeddable":true,"href":"https:\/\/hdpnoticias.com.ar\/index.php?rest_route=%2Fwp%2Fv2%2Fcomments&post=1309"}],"version-history":[{"count":1,"href":"https:\/\/hdpnoticias.com.ar\/index.php?rest_route=\/wp\/v2\/posts\/1309\/revisions"}],"predecessor-version":[{"id":1311,"href":"https:\/\/hdpnoticias.com.ar\/index.php?rest_route=\/wp\/v2\/posts\/1309\/revisions\/1311"}],"wp:featuredmedia":[{"embeddable":true,"href":"https:\/\/hdpnoticias.com.ar\/index.php?rest_route=\/wp\/v2\/media\/1310"}],"wp:attachment":[{"href":"https:\/\/hdpnoticias.com.ar\/index.php?rest_route=%2Fwp%2Fv2%2Fmedia&parent=1309"}],"wp:term":[{"taxonomy":"category","embeddable":true,"href":"https:\/\/hdpnoticias.com.ar\/index.php?rest_route=%2Fwp%2Fv2%2Fcategories&post=1309"},{"taxonomy":"post_tag","embeddable":true,"href":"https:\/\/hdpnoticias.com.ar\/index.php?rest_route=%2Fwp%2Fv2%2Ftags&post=1309"}],"curies":[{"name":"wp","href":"https:\/\/api.w.org\/{rel}","templated":true}]}}