{"id":1306,"date":"2023-03-14T06:20:48","date_gmt":"2023-03-14T09:20:48","guid":{"rendered":"http:\/\/hdpnoticias.com.ar\/?p=1306"},"modified":"2023-03-14T06:20:50","modified_gmt":"2023-03-14T09:20:50","slug":"masiva-manifestacion-contra-el-tarifazo-de-luz-y-la-falta-de-agua-en-villa-angela","status":"publish","type":"post","link":"https:\/\/hdpnoticias.com.ar\/?p=1306","title":{"rendered":"Masiva manifestaci\u00f3n contra el tarifazo de luz y la falta de agua en Villa \u00c1ngela"},"content":{"rendered":"\n<p>Una multitud se congreg\u00f3 la noche del lunes en la plaza central de Villa \u00c1ngela, frente a la Municipalidad, para protestar por el incremento en las tarifas del servicio de energ\u00eda el\u00e9ctrica y la falta de agua potable.<\/p>\n\n\n\n<p>Cientos de vecinos enardecidos por la situaci\u00f3n que atraviesan exig\u00edan respuestas a los funcionarios. Reclaman que Secheep revise las facturas porque son \u201cimpagables\u201d, y que Sameep regularice el suministro de agua que hoy llega en un volumen \u00ednfimo y tan turbia que nadie se atreve a consumir.<\/p>\n\n\n\n<p>Hubo cr\u00edticas al gobernador Jorge Capitanich al que ven dedicado a su candidatura presidencial mientras su gesti\u00f3n no puede resolver el problema del agua en la tercera ciudad de la provincia.<\/p>\n\n\n\n<p>Los manifestantes pretend\u00edan que el intendente Adalberto Papp se sumara el reclamo pero, como no asisti\u00f3 a la convocatoria, marcharon hasta su casa y al toparse con \u00e9l le propusieron \u201cque se ponga del lado del pueblo o renuncie\u201d.<\/p>\n","protected":false},"excerpt":{"rendered":"<p>Una multitud se congreg\u00f3 la noche del lunes en la plaza central de Villa \u00c1ngela, frente a la Municipalidad, para protestar por el incremento en las tarifas del servicio de energ\u00eda el\u00e9ctrica y la falta de agua potable. Cientos de vecinos enardecidos por la situaci\u00f3n que atraviesan exig\u00edan respuestas a los funcionarios. Reclaman que Secheep [&hellip;]<\/p>\n","protected":false},"author":1,"featured_media":1307,"comment_status":"open","ping_status":"open","sticky":false,"template":"","format":"standard","meta":{"footnotes":""},"categories":[6],"tags":[121,29,231,928,927,658,118,232,229,146],"class_list":["post-1306","post","type-post","status-publish","format-standard","has-post-thumbnail","hentry","category-info-general","tag-agua","tag-capitanich","tag-luz","tag-manifestacion","tag-papp","tag-protesta","tag-sameep","tag-secheep","tag-tarifazo","tag-villa-angela"],"_links":{"self":[{"href":"https:\/\/hdpnoticias.com.ar\/index.php?rest_route=\/wp\/v2\/posts\/1306","targetHints":{"allow":["GET"]}}],"collection":[{"href":"https:\/\/hdpnoticias.com.ar\/index.php?rest_route=\/wp\/v2\/posts"}],"about":[{"href":"https:\/\/hdpnoticias.com.ar\/index.php?rest_route=\/wp\/v2\/types\/post"}],"author":[{"embeddable":true,"href":"https:\/\/hdpnoticias.com.ar\/index.php?rest_route=\/wp\/v2\/users\/1"}],"replies":[{"embeddable":true,"href":"https:\/\/hdpnoticias.com.ar\/index.php?rest_route=%2Fwp%2Fv2%2Fcomments&post=1306"}],"version-history":[{"count":1,"href":"https:\/\/hdpnoticias.com.ar\/index.php?rest_route=\/wp\/v2\/posts\/1306\/revisions"}],"predecessor-version":[{"id":1308,"href":"https:\/\/hdpnoticias.com.ar\/index.php?rest_route=\/wp\/v2\/posts\/1306\/revisions\/1308"}],"wp:featuredmedia":[{"embeddable":true,"href":"https:\/\/hdpnoticias.com.ar\/index.php?rest_route=\/wp\/v2\/media\/1307"}],"wp:attachment":[{"href":"https:\/\/hdpnoticias.com.ar\/index.php?rest_route=%2Fwp%2Fv2%2Fmedia&parent=1306"}],"wp:term":[{"taxonomy":"category","embeddable":true,"href":"https:\/\/hdpnoticias.com.ar\/index.php?rest_route=%2Fwp%2Fv2%2Fcategories&post=1306"},{"taxonomy":"post_tag","embeddable":true,"href":"https:\/\/hdpnoticias.com.ar\/index.php?rest_route=%2Fwp%2Fv2%2Ftags&post=1306"}],"curies":[{"name":"wp","href":"https:\/\/api.w.org\/{rel}","templated":true}]}}