{"id":12973,"date":"2025-12-06T13:40:46","date_gmt":"2025-12-06T16:40:46","guid":{"rendered":"https:\/\/hdpnoticias.com.ar\/?p=12973"},"modified":"2025-12-06T13:40:47","modified_gmt":"2025-12-06T16:40:47","slug":"el-abogado-ricardo-osuna-otra-vez-detenido-por-abigeato","status":"publish","type":"post","link":"https:\/\/hdpnoticias.com.ar\/?p=12973","title":{"rendered":"El abogado Ricardo Osuna otra vez detenido  por abigeato"},"content":{"rendered":"\n<figure class=\"wp-block-image size-full\"><img loading=\"lazy\" decoding=\"async\" width=\"728\" height=\"90\" src=\"http:\/\/hdpnoticias.com.ar\/wp-content\/uploads\/2024\/05\/Nachec.gif\" alt=\"\" class=\"wp-image-6814\"\/><\/figure>\n\n\n\n<p>El abogado Ricardo Osuna, defensor de Emerenciano Sena en la causa po el femicidio de Cecilia strzyzowski, fue nuevamente detenido cerca de la medianoche del viernes en el marco de una causa que se le sigue por presunto abigeato.<br>La detenci\u00f3n se dio a instancias de la fiscal de Investigaci\u00f3n rural y Ambiental: Mar\u00eda Emilia Rudaz, y fue ejecutada por una comisi\u00f3n del departamento Rural y Ambiental de la Polic\u00eda del Chaco, que se present\u00f3 en su casa de la avenida 25 de Mayo.<br>Osuna fue trasladado, como manda el protocolo, a la Divisi\u00f3n Medicina Legal, y desde ah\u00ed a la Comisar\u00eda 11, donde permanece alojado.<br>El abogado ya hab\u00eda sido detenido el pasado 4 de marzo, durante un allanamiento a uno de sus campos, en el que habr\u00edan encontrado varias cabezas de ganado cuya propiedad no pudo acreditar y hab\u00edan sido denunciadas como robadas por productores de la zona. <strong><a href=\"https:\/\/hdpnoticias.com.ar\/?p=10777\">Recuper\u00f3 la libertad 40 d\u00edas despu\u00e9s tras la acreditaci\u00f3n de 325 millones de pesos<\/a><\/strong> en concepto de cauci\u00f3n real.<\/p>\n","protected":false},"excerpt":{"rendered":"<p>El abogado Ricardo Osuna, defensor de Emerenciano Sena en la causa po el femicidio de Cecilia strzyzowski, fue nuevamente detenido cerca de la medianoche del viernes en el marco de una causa que se le sigue por presunto abigeato.La detenci\u00f3n se dio a instancias de la fiscal de Investigaci\u00f3n rural y Ambiental: Mar\u00eda Emilia Rudaz, [&hellip;]<\/p>\n","protected":false},"author":1,"featured_media":12974,"comment_status":"open","ping_status":"open","sticky":false,"template":"","format":"standard","meta":{"footnotes":""},"categories":[26],"tags":[700,1813,841,793,5451,409,1992,798],"class_list":["post-12973","post","type-post","status-publish","format-standard","has-post-thumbnail","hentry","category-policiales","tag-abigeato","tag-cecilia","tag-detenido","tag-emerenciano","tag-engayolado","tag-femicidio","tag-osuna","tag-sena"],"_links":{"self":[{"href":"https:\/\/hdpnoticias.com.ar\/index.php?rest_route=\/wp\/v2\/posts\/12973","targetHints":{"allow":["GET"]}}],"collection":[{"href":"https:\/\/hdpnoticias.com.ar\/index.php?rest_route=\/wp\/v2\/posts"}],"about":[{"href":"https:\/\/hdpnoticias.com.ar\/index.php?rest_route=\/wp\/v2\/types\/post"}],"author":[{"embeddable":true,"href":"https:\/\/hdpnoticias.com.ar\/index.php?rest_route=\/wp\/v2\/users\/1"}],"replies":[{"embeddable":true,"href":"https:\/\/hdpnoticias.com.ar\/index.php?rest_route=%2Fwp%2Fv2%2Fcomments&post=12973"}],"version-history":[{"count":1,"href":"https:\/\/hdpnoticias.com.ar\/index.php?rest_route=\/wp\/v2\/posts\/12973\/revisions"}],"predecessor-version":[{"id":12975,"href":"https:\/\/hdpnoticias.com.ar\/index.php?rest_route=\/wp\/v2\/posts\/12973\/revisions\/12975"}],"wp:featuredmedia":[{"embeddable":true,"href":"https:\/\/hdpnoticias.com.ar\/index.php?rest_route=\/wp\/v2\/media\/12974"}],"wp:attachment":[{"href":"https:\/\/hdpnoticias.com.ar\/index.php?rest_route=%2Fwp%2Fv2%2Fmedia&parent=12973"}],"wp:term":[{"taxonomy":"category","embeddable":true,"href":"https:\/\/hdpnoticias.com.ar\/index.php?rest_route=%2Fwp%2Fv2%2Fcategories&post=12973"},{"taxonomy":"post_tag","embeddable":true,"href":"https:\/\/hdpnoticias.com.ar\/index.php?rest_route=%2Fwp%2Fv2%2Ftags&post=12973"}],"curies":[{"name":"wp","href":"https:\/\/api.w.org\/{rel}","templated":true}]}}