{"id":12948,"date":"2025-12-03T15:49:25","date_gmt":"2025-12-03T18:49:25","guid":{"rendered":"https:\/\/hdpnoticias.com.ar\/?p=12948"},"modified":"2025-12-03T15:49:29","modified_gmt":"2025-12-03T18:49:29","slug":"desaparecido-buscan-rastros-de-elvis-benitez-en-el-ex-barrio-emerenciano","status":"publish","type":"post","link":"https:\/\/hdpnoticias.com.ar\/?p=12948","title":{"rendered":"Desaparecido: buscan rastros de Elvis Ben\u00edtez en el ex barrio Emerenciano"},"content":{"rendered":"\n<figure class=\"wp-block-image size-full\"><img loading=\"lazy\" decoding=\"async\" width=\"728\" height=\"90\" src=\"http:\/\/hdpnoticias.com.ar\/wp-content\/uploads\/2024\/05\/Nachec.gif\" alt=\"\" class=\"wp-image-6814\"\/><\/figure>\n\n\n\n<p>La ma\u00f1ana de este mi\u00e9rcoles se despleg\u00f3 en el barrio Papa Francisco, ex Emerenciano, en la zona sur de Resistencia, un amplio operativo en el marco de la causa en la que se investiga la desaparici\u00f3n de Elvis Ben\u00edtez, de 18 a\u00f1os, que fue visto por \u00faltima vez el 22 de diciembre de 2017: un amigo lo hab\u00eda llevado hasta la esquina de las avenidas Chaco y 9 de Julio, donde abordar\u00eda un colectivo hasta la casa de su abuela, adonde nunca lleg\u00f3.<\/p>\n\n\n\n<p>La causa, que nunca tuvo avances significativos, se reactiv\u00f3 recientemente cuando, a ra\u00edz del juicio que enfrent\u00f3 el denominado Clan Sena por el femicidio de Cecilia Strzyzowski, surgieron versiones que vinculan al joven desaparecido con C\u00e9sar Sena.<\/p>\n\n\n\n<p>Tras el fallo del jurado popular que consider\u00f3 culpable e homicidio doblemente agravado por el v\u00ednculo y violencia de g\u00e9nero a C\u00e9sar, expareja de la v\u00edctima, y a sus padres: Emerenciano Sena y Marcela Acu\u00f1a como part\u00edcipes primarios, fueron convocados testigos en la otra causa.<\/p>\n\n\n\n<p>Gloria Romero, madre de Cecilia, hab\u00eda dicho en una entrevista period\u00edstica, que Elvis estar\u00eda enterrado en alg\u00fan campo de la familia Sena. Esto fue asociado al testimonio de Mercedes Valois, t\u00eda abuela de Cecilia, que relat\u00f3 que C\u00e9sar contaba insistentemente que ellos ten\u00eda la capacidad de hacer desaparecer personas, d\u00e1ndoselas de comer a los chanchos. Justamente, el cad\u00e1ver de Cecilia hab\u00eda sido trasladado por \u00e9l y Gustavo Obreg\u00f3n, culpable de encubrimiento agravado, a la chancher\u00eda de Campo Rossi, donde lo incineraron.<\/p>\n\n\n\n<p>A esto se sumaron dichos de una mujer que asegura haber visto en alguna oportunidad que Obreg\u00f3n pas\u00f3 a buscar a Elvis en una camioneta para llevarlo a \u201cla casita\u201d, sede de la Fundaci\u00f3n Sa\u00fal Acu\u00f1a, donde supuestamente se encontrar\u00eda con C\u00e9sar.<\/p>\n\n\n\n<p>Ahora la Polic\u00eda, a instancias de la fiscal de Investigaci\u00f3n Penal 3: Rosana Soto, y la fiscal de C\u00e1mara Noelia Encinas, rastrearon pistas y procuraron obtener informaci\u00f3n para abonar la b\u00fasqueda de Elvis.<\/p>\n\n\n\n<p>Se sabe que \u00e9ste milit\u00f3 en un movimiento social y particip\u00f3 de algunas marchas, y que, en ese \u00e1mbito, pudo haber compartido alguna actividad con vecinos del barrio, pero ninguno de los consultados lo reconoci\u00f3.<\/p>\n","protected":false},"excerpt":{"rendered":"<p>La ma\u00f1ana de este mi\u00e9rcoles se despleg\u00f3 en el barrio Papa Francisco, ex Emerenciano, en la zona sur de Resistencia, un amplio operativo en el marco de la causa en la que se investiga la desaparici\u00f3n de Elvis Ben\u00edtez, de 18 a\u00f1os, que fue visto por \u00faltima vez el 22 de diciembre de 2017: un [&hellip;]<\/p>\n","protected":false},"author":1,"featured_media":12949,"comment_status":"open","ping_status":"open","sticky":false,"template":"","format":"standard","meta":{"footnotes":""},"categories":[26],"tags":[1813,1812,592,5441,793,409,5442,49,798,97],"class_list":["post-12948","post","type-post","status-publish","format-standard","has-post-thumbnail","hentry","category-policiales","tag-cecilia","tag-cesar","tag-desaparecido","tag-elvis","tag-emerenciano","tag-femicidio","tag-papa-francisco","tag-resistencia","tag-sena","tag-zona-sur"],"_links":{"self":[{"href":"https:\/\/hdpnoticias.com.ar\/index.php?rest_route=\/wp\/v2\/posts\/12948","targetHints":{"allow":["GET"]}}],"collection":[{"href":"https:\/\/hdpnoticias.com.ar\/index.php?rest_route=\/wp\/v2\/posts"}],"about":[{"href":"https:\/\/hdpnoticias.com.ar\/index.php?rest_route=\/wp\/v2\/types\/post"}],"author":[{"embeddable":true,"href":"https:\/\/hdpnoticias.com.ar\/index.php?rest_route=\/wp\/v2\/users\/1"}],"replies":[{"embeddable":true,"href":"https:\/\/hdpnoticias.com.ar\/index.php?rest_route=%2Fwp%2Fv2%2Fcomments&post=12948"}],"version-history":[{"count":1,"href":"https:\/\/hdpnoticias.com.ar\/index.php?rest_route=\/wp\/v2\/posts\/12948\/revisions"}],"predecessor-version":[{"id":12950,"href":"https:\/\/hdpnoticias.com.ar\/index.php?rest_route=\/wp\/v2\/posts\/12948\/revisions\/12950"}],"wp:featuredmedia":[{"embeddable":true,"href":"https:\/\/hdpnoticias.com.ar\/index.php?rest_route=\/wp\/v2\/media\/12949"}],"wp:attachment":[{"href":"https:\/\/hdpnoticias.com.ar\/index.php?rest_route=%2Fwp%2Fv2%2Fmedia&parent=12948"}],"wp:term":[{"taxonomy":"category","embeddable":true,"href":"https:\/\/hdpnoticias.com.ar\/index.php?rest_route=%2Fwp%2Fv2%2Fcategories&post=12948"},{"taxonomy":"post_tag","embeddable":true,"href":"https:\/\/hdpnoticias.com.ar\/index.php?rest_route=%2Fwp%2Fv2%2Ftags&post=12948"}],"curies":[{"name":"wp","href":"https:\/\/api.w.org\/{rel}","templated":true}]}}