{"id":12929,"date":"2025-12-01T16:11:20","date_gmt":"2025-12-01T19:11:20","guid":{"rendered":"https:\/\/hdpnoticias.com.ar\/?p=12929"},"modified":"2025-12-01T16:11:22","modified_gmt":"2025-12-01T19:11:22","slug":"espectacular-choque-entre-un-colectivo-y-un-camion-en-la-ruta-11","status":"publish","type":"post","link":"https:\/\/hdpnoticias.com.ar\/?p=12929","title":{"rendered":"Espectacular choque entre un colectivo y un cami\u00f3n en la ruta 11"},"content":{"rendered":"\n<figure class=\"wp-block-image size-full\"><img loading=\"lazy\" decoding=\"async\" width=\"728\" height=\"90\" src=\"http:\/\/hdpnoticias.com.ar\/wp-content\/uploads\/2024\/05\/Nachec.gif\" alt=\"\" class=\"wp-image-6814\"\/><\/figure>\n\n\n\n<p>La ma\u00f1ana de este lunes un \u00f3mnibus de larga distancia de la compa\u00f1\u00eda \u00c1guila Dorada y un cami\u00f3n Ford con acoplado protagonizaron un aparatoso accidente en el kil\u00f3metro 1092 de la ruta nacional 11, en inmediaciones de Puerto Eva Per\u00f3n.<\/p>\n\n\n\n<p>A simple vista la mec\u00e1nica del accidente es muy dif\u00edcil de dilucidar, ya que el cami\u00f3n y su acoplado quedaron sobre la cinta asf\u00e1ltica ocupando ambos carriles en sentidos opuestos, sin desacoplarse.<\/p>\n\n\n\n<p>A su vez, la posici\u00f3n del micro indica un impacto en el costado derecho del cami\u00f3n, cuando la l\u00f3gica indica que el cruce debi\u00f3 darse sobre el costado izquierdo.<\/p>\n\n\n\n<p>Al parecer, el camionero habr\u00eda intentado una maniobra para evitar una serie de baches y eso sorprendi\u00f3 al conductor del colectivo. Pero todo es materia de investigaci\u00f3n.<\/p>\n\n\n\n<p>Afortunadamente, ni los conductores ni los pasajeros resultaron lesionados, lo que indica que al momento del impacto los veh\u00edculos circulaban a velocidad moderada.<\/p>\n","protected":false},"excerpt":{"rendered":"<p>La ma\u00f1ana de este lunes un \u00f3mnibus de larga distancia de la compa\u00f1\u00eda \u00c1guila Dorada y un cami\u00f3n Ford con acoplado protagonizaron un aparatoso accidente en el kil\u00f3metro 1092 de la ruta nacional 11, en inmediaciones de Puerto Eva Per\u00f3n. A simple vista la mec\u00e1nica del accidente es muy dif\u00edcil de dilucidar, ya que el [&hellip;]<\/p>\n","protected":false},"author":1,"featured_media":12930,"comment_status":"open","ping_status":"open","sticky":false,"template":"","format":"standard","meta":{"footnotes":""},"categories":[26],"tags":[322,5439,4496,215,88,624,539],"class_list":["post-12929","post","type-post","status-publish","format-standard","has-post-thumbnail","hentry","category-policiales","tag-accidente","tag-aguila-dorada","tag-baches","tag-camion","tag-choque","tag-ford","tag-ruta-11"],"_links":{"self":[{"href":"https:\/\/hdpnoticias.com.ar\/index.php?rest_route=\/wp\/v2\/posts\/12929","targetHints":{"allow":["GET"]}}],"collection":[{"href":"https:\/\/hdpnoticias.com.ar\/index.php?rest_route=\/wp\/v2\/posts"}],"about":[{"href":"https:\/\/hdpnoticias.com.ar\/index.php?rest_route=\/wp\/v2\/types\/post"}],"author":[{"embeddable":true,"href":"https:\/\/hdpnoticias.com.ar\/index.php?rest_route=\/wp\/v2\/users\/1"}],"replies":[{"embeddable":true,"href":"https:\/\/hdpnoticias.com.ar\/index.php?rest_route=%2Fwp%2Fv2%2Fcomments&post=12929"}],"version-history":[{"count":1,"href":"https:\/\/hdpnoticias.com.ar\/index.php?rest_route=\/wp\/v2\/posts\/12929\/revisions"}],"predecessor-version":[{"id":12931,"href":"https:\/\/hdpnoticias.com.ar\/index.php?rest_route=\/wp\/v2\/posts\/12929\/revisions\/12931"}],"wp:featuredmedia":[{"embeddable":true,"href":"https:\/\/hdpnoticias.com.ar\/index.php?rest_route=\/wp\/v2\/media\/12930"}],"wp:attachment":[{"href":"https:\/\/hdpnoticias.com.ar\/index.php?rest_route=%2Fwp%2Fv2%2Fmedia&parent=12929"}],"wp:term":[{"taxonomy":"category","embeddable":true,"href":"https:\/\/hdpnoticias.com.ar\/index.php?rest_route=%2Fwp%2Fv2%2Fcategories&post=12929"},{"taxonomy":"post_tag","embeddable":true,"href":"https:\/\/hdpnoticias.com.ar\/index.php?rest_route=%2Fwp%2Fv2%2Ftags&post=12929"}],"curies":[{"name":"wp","href":"https:\/\/api.w.org\/{rel}","templated":true}]}}