{"id":12813,"date":"2025-11-18T07:21:37","date_gmt":"2025-11-18T10:21:37","guid":{"rendered":"https:\/\/hdpnoticias.com.ar\/?p=12813"},"modified":"2025-11-18T07:24:46","modified_gmt":"2025-11-18T10:24:46","slug":"nuevas-autoridades-en-el-pj-capitanich-reasumio-como-presidente","status":"publish","type":"post","link":"https:\/\/hdpnoticias.com.ar\/?p=12813","title":{"rendered":"\u201cNuevas\u201d autoridades en el PJ: Capitanich reasumi\u00f3 como presidente pensando en 2027"},"content":{"rendered":"\n<figure class=\"wp-block-image size-full\"><img loading=\"lazy\" decoding=\"async\" width=\"728\" height=\"90\" src=\"http:\/\/hdpnoticias.com.ar\/wp-content\/uploads\/2024\/05\/Nachec.gif\" alt=\"\" class=\"wp-image-6814\"\/><\/figure>\n\n\n\n<p>El exgobernador Jorge Captianich, diputado provincial electo y senador nacional electo, reasumi\u00f3 este 17 de noviembre, en el D\u00eda del Militante Peronista, la presidencia del Consejo Provincial del Partido Justicialista.<\/p>\n\n\n\n<p>As\u00ed continuar\u00e1 en el caro tras un proceso bastante particular, ya que las elecciones que debieron hacerse en la primera parte del a\u00f1o, fueron suspendidas ya en febrero, fijando la convocatoria para el \u00faltimo domingo 16 de noviembre. \u00cdnterin, se prorrogaron los plazos de presentaci\u00f3n de candidatos en procura de conformar a todos los sectores internos en una lista de consenso. A la hora indicada, otro sector present\u00f3 propuesta propia pero fue rechazada por la Junta Electoral.<\/p>\n\n\n\n<p>La lista, que comenz\u00f3 con <strong><a href=\"https:\/\/hdpnoticias.com.ar\/?p=12615\">su hija Guillermina como compa\u00f1era de f\u00f3rmula<\/a><\/strong> pero que termin\u00f3 con <strong><a href=\"https:\/\/hdpnoticias.com.ar\/?p=12625\">la intendente de Fuerte Esperanza: In\u00e9s Ortega, como vicepresidente<\/a><\/strong> primera, fue festejada como la &#8220;unidad&#8221;.<\/p>\n\n\n\n<p>Adem\u00e1s de la su continuidad al frente del PJ, el consenso tambi\u00e9n la permiti\u00f3 a Capitanich encabezar las listas de candidatos a diputados provinciales del frente Chaco Merece M\u00e1s en mayo, y la de senadores nacionales del frente kirchnerista Fuerza Patria en octubre. Esto, despu\u00e9s de que la conducci\u00f3n partidaria rechazara tambi\u00e9n la idea de convocar a elecciones internas para definir candidatos en estas 2 instancias.<\/p>\n\n\n\n<p>Lugar para todos<\/p>\n\n\n\n<p>En el primer discurso de su nuevo mandato, Capitanich anunci\u00f3 que imprimir\u00e1 cambios en la estructura partidaria incrementando la cantidad de vicepresidencias y secretar\u00edas, para que todos los sectores internos tengan espacio dentro del Consejo Provincial.<\/p>\n\n\n\n<p>De esta manera planea lograr la unidad interna pensando en la reconstrucci\u00f3n de <strong><a href=\"https:\/\/hdpnoticias.com.ar\/?p=12281\">su pr\u00f3xima candidatura a gobernador en 2027<\/a><\/strong>, algo que ya hab\u00eda anunciado tras la \u00faltima derrota, a pesar de destacar el empuje de la nueva generaci\u00f3n de dirigentes que puja por una renovaci\u00f3n.<\/p>\n","protected":false},"excerpt":{"rendered":"<p>El exgobernador Jorge Captianich, diputado provincial electo y senador nacional electo, reasumi\u00f3 este 17 de noviembre, en el D\u00eda del Militante Peronista, la presidencia del Consejo Provincial del Partido Justicialista. As\u00ed continuar\u00e1 en el caro tras un proceso bastante particular, ya que las elecciones que debieron hacerse en la primera parte del a\u00f1o, fueron suspendidas [&hellip;]<\/p>\n","protected":false},"author":1,"featured_media":12814,"comment_status":"open","ping_status":"open","sticky":false,"template":"","format":"standard","meta":{"footnotes":""},"categories":[27],"tags":[29,37,250,772,2508,682,4193,247,248,1399],"class_list":["post-12813","post","type-post","status-publish","format-standard","has-post-thumbnail","hentry","category-politica","tag-capitanich","tag-chaco","tag-consejo","tag-consenso","tag-derrota","tag-diputado","tag-guillermina","tag-internas","tag-pj","tag-senador"],"_links":{"self":[{"href":"https:\/\/hdpnoticias.com.ar\/index.php?rest_route=\/wp\/v2\/posts\/12813","targetHints":{"allow":["GET"]}}],"collection":[{"href":"https:\/\/hdpnoticias.com.ar\/index.php?rest_route=\/wp\/v2\/posts"}],"about":[{"href":"https:\/\/hdpnoticias.com.ar\/index.php?rest_route=\/wp\/v2\/types\/post"}],"author":[{"embeddable":true,"href":"https:\/\/hdpnoticias.com.ar\/index.php?rest_route=\/wp\/v2\/users\/1"}],"replies":[{"embeddable":true,"href":"https:\/\/hdpnoticias.com.ar\/index.php?rest_route=%2Fwp%2Fv2%2Fcomments&post=12813"}],"version-history":[{"count":2,"href":"https:\/\/hdpnoticias.com.ar\/index.php?rest_route=\/wp\/v2\/posts\/12813\/revisions"}],"predecessor-version":[{"id":12817,"href":"https:\/\/hdpnoticias.com.ar\/index.php?rest_route=\/wp\/v2\/posts\/12813\/revisions\/12817"}],"wp:featuredmedia":[{"embeddable":true,"href":"https:\/\/hdpnoticias.com.ar\/index.php?rest_route=\/wp\/v2\/media\/12814"}],"wp:attachment":[{"href":"https:\/\/hdpnoticias.com.ar\/index.php?rest_route=%2Fwp%2Fv2%2Fmedia&parent=12813"}],"wp:term":[{"taxonomy":"category","embeddable":true,"href":"https:\/\/hdpnoticias.com.ar\/index.php?rest_route=%2Fwp%2Fv2%2Fcategories&post=12813"},{"taxonomy":"post_tag","embeddable":true,"href":"https:\/\/hdpnoticias.com.ar\/index.php?rest_route=%2Fwp%2Fv2%2Ftags&post=12813"}],"curies":[{"name":"wp","href":"https:\/\/api.w.org\/{rel}","templated":true}]}}