{"id":12772,"date":"2025-11-13T23:06:00","date_gmt":"2025-11-14T02:06:00","guid":{"rendered":"https:\/\/hdpnoticias.com.ar\/?p=12772"},"modified":"2025-11-14T06:19:43","modified_gmt":"2025-11-14T09:19:43","slug":"piden-la-libertad-de-cesar-la-defensa-no-descarta-que-cecilia-este-viva","status":"publish","type":"post","link":"https:\/\/hdpnoticias.com.ar\/?p=12772","title":{"rendered":"Piden la libertad de C\u00e9sar: la defensa no descarta que Cecilia est\u00e9 viva"},"content":{"rendered":"\n<figure class=\"wp-block-image size-full\"><img loading=\"lazy\" decoding=\"async\" width=\"728\" height=\"90\" src=\"http:\/\/hdpnoticias.com.ar\/wp-content\/uploads\/2024\/05\/Nachec.gif\" alt=\"\" class=\"wp-image-6814\"\/><\/figure>\n\n\n\n<p>El juicio por jurado que enfrenta el Clan Sena por el femicidio de Cecilia Strzyzowski, lleg\u00f3 este viernes a la instancia de alegatos. C\u00e9sar Sena est\u00e1 imputado de autor del asesinato de su expareja, y sus padres: los dirigentes sociales Emerenciano Sena y Marcela Acu\u00f1a, de part\u00edcipes primarios, mientras 4 colaboradores de la familia: Fabiana Gonz\u00e1lez, Gustavo Obreg\u00f3n, Gustavo Melgarejo y Griselda Reynoso, llegaron acusados de encubrimiento agravado.<\/p>\n\n\n\n<p>Para la fiscal\u00eda y las querellas, Cecilia fue asesinada la ma\u00f1ana del 2 de junio de 2023 en la vivienda de los Sena en la calle Santa Mar\u00eda de Oro 1460, en Resistencia, por C\u00e9sar, en el marco de un plan ideado junto a sus padres. Y el cad\u00e1ver fue trasladado por C\u00e9sar y Obreg\u00f3n a la chancher\u00eda de Campo Rossi donde fue incinerado en una hoguera que los puesteros Melgarejo y Reynoso avivaron para asegurar la calcinaci\u00f3n. Mientras, Gonz\u00e1lez limpiaba la escena del crimen. Despu\u00e9s, todos siguieron con su rutina, a modo de coartada.<\/p>\n\n\n\n<p>Ricardo Osuna, defensor de Emerenciano, clam\u00f3 su inocencia aseverando que ignoraba todo lo ocurrido. Y la defensora de Marcela: Celeste Ojeda, dej\u00f3 en claro que el crimen existi\u00f3, que fue cometido por C\u00e9sar y que ella busc\u00f3 encubrirlo en un intento por evitar que fuera detenido.<\/p>\n\n\n\n<p>Sin embargo, a la hora de alegar en favor de C\u00e9sar, la abogada Gabrriela Tomljenovic, intent\u00f3 instaurar dudas claves. Para ella, s\u00f3lo puede ser declarado culpable del crimen de Cecilia si se dan 3 circunstancias: que haya una persona muerta, que esa persona sea Cecilia, y que se demuestre que \u00e9l la mat\u00f3. Subsidiariamente, apel\u00f3 al in dubio pro reo contemplado en nuestro sistema penal.<\/p>\n\n\n\n<p>Haciendo hincapi\u00e9 en que s\u00f3lo se puede fundar la acusaci\u00f3n en evidencias, consider\u00f3 que el hecho de que las pericias hayan demostrado que los restos \u00f3seos hallados en la chancher\u00eda sean humanos, demuestra que hay una persona muerta, pero no se pudo acreditar que se tratara de Cecilia, y que las pruebas ventiladas en el juicio no pudieron demostrar que C\u00e9sar haya matado a alguien ese d\u00eda.<\/p>\n\n\n\n<p>En ese marco, consider\u00f3 que la muerte de Cecilia a\u00fan no est\u00e1 acreditada.<\/p>\n\n\n\n<p>Contra las evidencias expuestas por la fiscal\u00eda, como el rastreo de los tel\u00e9fonos celulares, remarc\u00f3 que s\u00f3lo pudieron localizar los dispositivos m\u00f3viles, pero no est\u00e1 acreditado que C\u00e9sar y Obreg\u00f3n hayan hecho el recorrido hasta la chancher\u00eda esa noche junto a sus celulares. Y que, adem\u00e1s, el de C\u00e9sar ni siquiera estaba a su nombre sino a nombre de Marcela Acu\u00f1a.<\/p>\n\n\n\n<p>Adem\u00e1s, en un error de interpretaci\u00f3n, asever\u00f3 que en media hora no pudieron haber incinerado el cad\u00e1ver, considerando que los especialistas dijeron que se necesitaban m\u00e1s de 3 horas. No tuvo en cuenta que pudieron haber dejado el fuego encendido al regresar a Resistencia.<\/p>\n\n\n\n<p>Pero lo m\u00e1s trascendente de su versi\u00f3n fue la devoluci\u00f3n a la acusaci\u00f3n de Marcela hacia C\u00e9sar. Para Tomljenovic, se trata de una maniobra \u201cpara salvarse o mejorar su situaci\u00f3n\u201d buscando atenuar la imputaci\u00f3n baj\u00e1ndola de part\u00edcipe primario a encubrimiento, lo que por su condici\u00f3n de madre implicar\u00eda su libertad.<\/p>\n\n\n\n<p>As\u00ed, aunque el\u00edpticamente, plante\u00f3 que las sospechas de autor\u00eda que recaen sobre C\u00e9sar, deber\u00edan alcanzar tambi\u00e9n a otras personas que estuvieron en la casa tras la llegada de Cecilia el d\u00eda del crimen. Por eso recrimin\u00f3 a los fiscales enfocarse exclusivamente en una hip\u00f3tesis en vez de investigar un espectro m\u00e1s amplio de posibilidades.<\/p>\n\n\n\n<p>Al final de un largo alegato, pidi\u00f3 que su defendido y principal imputado del caso se declarado no culpable.<\/p>\n","protected":false},"excerpt":{"rendered":"<p>El juicio por jurado que enfrenta el Clan Sena por el femicidio de Cecilia Strzyzowski, lleg\u00f3 este viernes a la instancia de alegatos. C\u00e9sar Sena est\u00e1 imputado de autor del asesinato de su expareja, y sus padres: los dirigentes sociales Emerenciano Sena y Marcela Acu\u00f1a, de part\u00edcipes primarios, mientras 4 colaboradores de la familia: Fabiana [&hellip;]<\/p>\n","protected":false},"author":1,"featured_media":12773,"comment_status":"open","ping_status":"open","sticky":false,"template":"","format":"standard","meta":{"footnotes":""},"categories":[26],"tags":[1813,1812,1825,87,1947,409,1787,49],"class_list":["post-12772","post","type-post","status-publish","format-standard","has-post-thumbnail","hentry","category-policiales","tag-cecilia","tag-cesar","tag-chancheria","tag-crimen","tag-emerrenciano","tag-femicidio","tag-marcela","tag-resistencia"],"_links":{"self":[{"href":"https:\/\/hdpnoticias.com.ar\/index.php?rest_route=\/wp\/v2\/posts\/12772","targetHints":{"allow":["GET"]}}],"collection":[{"href":"https:\/\/hdpnoticias.com.ar\/index.php?rest_route=\/wp\/v2\/posts"}],"about":[{"href":"https:\/\/hdpnoticias.com.ar\/index.php?rest_route=\/wp\/v2\/types\/post"}],"author":[{"embeddable":true,"href":"https:\/\/hdpnoticias.com.ar\/index.php?rest_route=\/wp\/v2\/users\/1"}],"replies":[{"embeddable":true,"href":"https:\/\/hdpnoticias.com.ar\/index.php?rest_route=%2Fwp%2Fv2%2Fcomments&post=12772"}],"version-history":[{"count":1,"href":"https:\/\/hdpnoticias.com.ar\/index.php?rest_route=\/wp\/v2\/posts\/12772\/revisions"}],"predecessor-version":[{"id":12774,"href":"https:\/\/hdpnoticias.com.ar\/index.php?rest_route=\/wp\/v2\/posts\/12772\/revisions\/12774"}],"wp:featuredmedia":[{"embeddable":true,"href":"https:\/\/hdpnoticias.com.ar\/index.php?rest_route=\/wp\/v2\/media\/12773"}],"wp:attachment":[{"href":"https:\/\/hdpnoticias.com.ar\/index.php?rest_route=%2Fwp%2Fv2%2Fmedia&parent=12772"}],"wp:term":[{"taxonomy":"category","embeddable":true,"href":"https:\/\/hdpnoticias.com.ar\/index.php?rest_route=%2Fwp%2Fv2%2Fcategories&post=12772"},{"taxonomy":"post_tag","embeddable":true,"href":"https:\/\/hdpnoticias.com.ar\/index.php?rest_route=%2Fwp%2Fv2%2Ftags&post=12772"}],"curies":[{"name":"wp","href":"https:\/\/api.w.org\/{rel}","templated":true}]}}