{"id":12766,"date":"2025-11-13T19:31:24","date_gmt":"2025-11-13T22:31:24","guid":{"rendered":"https:\/\/hdpnoticias.com.ar\/?p=12766"},"modified":"2025-11-13T19:31:26","modified_gmt":"2025-11-13T22:31:26","slug":"femicidio-de-cecilia-osuna-pidio-la-absolucion-de-emerenciano-sena","status":"publish","type":"post","link":"https:\/\/hdpnoticias.com.ar\/?p=12766","title":{"rendered":"Femicidio de Cecilia: Osuna pidi\u00f3 la absoluci\u00f3n de Emerenciano Sena"},"content":{"rendered":"\n<figure class=\"wp-block-image size-full\"><img loading=\"lazy\" decoding=\"async\" width=\"720\" height=\"90\" src=\"http:\/\/hdpnoticias.com.ar\/wp-content\/uploads\/2024\/05\/Copy-of-720x90-1.gif\" alt=\"\" class=\"wp-image-6806\"\/><\/figure>\n\n\n\n<p>Tras el alegado de la fiscal\u00eda y las querellas, fue el turno de las defensas de los imputados en el juicip por jurado que enfrenta el denominado Clan Sena por el femicidio de Cecilia Strzyzowski, en el que est\u00e1n imputados C\u00e9sar Sena como autor, y sus padres Emerenciano Sena y Marcela Acu\u00f1a como part\u00edcipes primarios, y 4 colaboradores: Gustavo Obreg\u00f3n, Fabiana Gonz\u00e1lez, Gustavo Melgarejo y Griselda Reynoso, por encubrimiento agravado.<\/p>\n\n\n\n<p>A su turno, Ricardo Osuna, defensor de Emerenciano, dijo que \u00e9ste no tuvo ninguna relaci\u00f3n con el hecho investigado, del que tom\u00f3 conocimiento reci\u00e9n el 9 de junio de 2023, una semana despu\u00e9s, tras su detenci\u00f3n, cuando fue trasladado a la Comisar\u00eda Tercera.<\/p>\n\n\n\n<p>Pero, adem\u00e1s, considero que hasta esta instancia del proceso no est\u00e1 demostrada la comisi\u00f3n del crimen de Cecilia, por lo que mucho menos se pudo haber demostrado un plan para asesinarla, como sostiene la fiscal\u00eda.<\/p>\n\n\n\n<p>Para la imputaci\u00f3n, los 3 integrantes de la familia planificaron matar a Cecilia para eliminarla porque representaba un riesgo para sus intereses pol\u00edticos y econ\u00f3micos, y convirtieron la vivienda familiar en un escenario liberado para que C\u00e9sar la asesinara. Que despu\u00e9s Obreg\u00f3n colabor\u00f3 con \u00e9ste para trasladar e incinerar el cad\u00e1ver en la chancher\u00eda de Campo Rossi, mientras Gonz\u00e1lez limpiaba la escena, y que en el campo la pareja de puesteros: Reynoso y Melgarejo avivaron las llamas para asegurar la calcinaci\u00f3n.<\/p>\n\n\n\n<p>Los fiscales consideran improbable que alguno de los imputados tomara alguna decisi\u00f3n determinante sin la venia de Emerenciano, tanto en el \u00e1mbito familiar como en el movimiento social, y que esa estructura jer\u00e1rquica se replic\u00f3 en este caso.<\/p>\n\n\n\n<p>Sin embargo, para Osuna esto no est\u00e1 probado, y es una teor\u00eda que los acusadores sostienen sin fundamento, y apoy\u00f3 su defensa en la frase \u201cque no se entere Emerenciano\u201d, pronunciada por Marcela a Obreg\u00f3n y Gonz\u00e1lez al encargarle el cuidado de C\u00e9sar porque lo notaba \u201craro\u201d y estaba rasgu\u00f1ado, y despu\u00e9s al instruirles \u201csacar eso\u201d de la casa antes del regreso del dirigente.<\/p>\n\n\n\n<p>Agreg\u00f3 que, mientras se discute el intercambio de mensajes telef\u00f3nicos entre el resto de los involucrados, del tel\u00e9fono de Emerenciano no se pudo extraer ninguna evidencia a pesar de haber sido el primer aparato secuestrado, y que lo mismo ocurri\u00f3 con su camioneta.<\/p>\n\n\n\n<p>Por esto consider\u00f3 que no cabe otra declaraci\u00f3n que la de \u201cno culpable\u201d, y as\u00ed lo plante\u00f3 a jurado.<\/p>\n\n\n\n<p><strong>El veredicto<\/strong><\/p>\n\n\n\n<p>Concluida la exposici\u00f3n de todas las partes, la jueza t\u00e9cnica Dolly Fern\u00e1ndez, dispuso pasar a un cuarto intermedio hasta las 8 de este viernes, cuando el jurado reciba las instrucciones finales y pase a deliberar por al menos 2 horas. A su regreso, tendr\u00e1n que dar su veredicto sobre cada uno de los imputados. Si se mantienen los cargos, la declaraci\u00f3n de culpabilidad significar\u00e1 prisi\u00f3n perpetua para los 3 integrantes de la familia Sena y una pena de hasta 6 a\u00f1os de prisi\u00f3n para los 4 colaboradores acusados de encubrimiento agravado.<\/p>\n","protected":false},"excerpt":{"rendered":"<p>Tras el alegado de la fiscal\u00eda y las querellas, fue el turno de las defensas de los imputados en el juicip por jurado que enfrenta el denominado Clan Sena por el femicidio de Cecilia Strzyzowski, en el que est\u00e1n imputados C\u00e9sar Sena como autor, y sus padres Emerenciano Sena y Marcela Acu\u00f1a como part\u00edcipes primarios, [&hellip;]<\/p>\n","protected":false},"author":1,"featured_media":12767,"comment_status":"open","ping_status":"open","sticky":false,"template":"","format":"standard","meta":{"footnotes":""},"categories":[26,27],"tags":[1813,1812,37,87,409,1787,1862,798],"class_list":["post-12766","post","type-post","status-publish","format-standard","has-post-thumbnail","hentry","category-policiales","category-politica","tag-cecilia","tag-cesar","tag-chaco","tag-crimen","tag-femicidio","tag-marcela","tag-piquetero","tag-sena"],"_links":{"self":[{"href":"https:\/\/hdpnoticias.com.ar\/index.php?rest_route=\/wp\/v2\/posts\/12766","targetHints":{"allow":["GET"]}}],"collection":[{"href":"https:\/\/hdpnoticias.com.ar\/index.php?rest_route=\/wp\/v2\/posts"}],"about":[{"href":"https:\/\/hdpnoticias.com.ar\/index.php?rest_route=\/wp\/v2\/types\/post"}],"author":[{"embeddable":true,"href":"https:\/\/hdpnoticias.com.ar\/index.php?rest_route=\/wp\/v2\/users\/1"}],"replies":[{"embeddable":true,"href":"https:\/\/hdpnoticias.com.ar\/index.php?rest_route=%2Fwp%2Fv2%2Fcomments&post=12766"}],"version-history":[{"count":1,"href":"https:\/\/hdpnoticias.com.ar\/index.php?rest_route=\/wp\/v2\/posts\/12766\/revisions"}],"predecessor-version":[{"id":12768,"href":"https:\/\/hdpnoticias.com.ar\/index.php?rest_route=\/wp\/v2\/posts\/12766\/revisions\/12768"}],"wp:featuredmedia":[{"embeddable":true,"href":"https:\/\/hdpnoticias.com.ar\/index.php?rest_route=\/wp\/v2\/media\/12767"}],"wp:attachment":[{"href":"https:\/\/hdpnoticias.com.ar\/index.php?rest_route=%2Fwp%2Fv2%2Fmedia&parent=12766"}],"wp:term":[{"taxonomy":"category","embeddable":true,"href":"https:\/\/hdpnoticias.com.ar\/index.php?rest_route=%2Fwp%2Fv2%2Fcategories&post=12766"},{"taxonomy":"post_tag","embeddable":true,"href":"https:\/\/hdpnoticias.com.ar\/index.php?rest_route=%2Fwp%2Fv2%2Ftags&post=12766"}],"curies":[{"name":"wp","href":"https:\/\/api.w.org\/{rel}","templated":true}]}}