{"id":12760,"date":"2025-11-13T15:45:16","date_gmt":"2025-11-13T18:45:16","guid":{"rendered":"https:\/\/hdpnoticias.com.ar\/?p=12760"},"modified":"2025-11-13T15:52:46","modified_gmt":"2025-11-13T18:52:46","slug":"femicicio-de-cecilia-fiscales-y-querellantes-piden-que-todos-sean-condenados","status":"publish","type":"post","link":"https:\/\/hdpnoticias.com.ar\/?p=12760","title":{"rendered":"Femicicio de Cecilia: fiscales y querellantes reiteraron la teor\u00eda de un plan criminal"},"content":{"rendered":"\n<figure class=\"wp-block-image size-full\"><img loading=\"lazy\" decoding=\"async\" width=\"728\" height=\"90\" src=\"http:\/\/hdpnoticias.com.ar\/wp-content\/uploads\/2024\/05\/Nachec.gif\" alt=\"\" class=\"wp-image-6814\"\/><\/figure>\n\n\n\n<p>El juicio por jurado por el femicidio de Cecilia Stzyzowski, perpetrado el 2 de junio de 2023, transit\u00f3 este jueves su instancia de alegatos finales. La causa tiene a C\u00e9sar Sena imputado de autor, y a sus padres, los dirigentes sociales Emerenciano Sena y Marcela Acu\u00f1a, como part\u00edcipes primarios. Adem\u00e1s las 2 parejas de colaboradores de la familia: Fabiana Gonz\u00e1lez y Gustavo Obreg\u00f3n, y Gustavo Melgarejo y Griselda Reynoso, est\u00e1n acusados de encubrimiento agravado.<\/p>\n\n\n\n<p>El primero turno fue para el Equipo Fiscal Especial, representado por Mart\u00edn Bogado, que en su reconstrucci\u00f3n consider\u00f3 probado que el crimen hab\u00eda sido planificado por los 3 integrantes de la familia, en la que cada uno ten\u00eda un rol asignado, y que la ejecuci\u00f3n incluy\u00f3 tambi\u00e9n a los encubridores.<\/p>\n\n\n\n<p>Para la Fiscal\u00eda, decidieron eliminar a Cecilia porque al resistirse a los intereses pol\u00edticos y econ\u00f3micos de la familia, que buscaba incorporarla al movimiento piquetero y llevarla a lavar dinero a trav\u00e9s de su emprendimiento, se convirti\u00f3 en una amenaza para el poder de los Sena.<\/p>\n\n\n\n<p>Que con ese prop\u00f3sito presionaron para que se divorciaran apenas horas despu\u00e9s de casarse, pero como con eso no lograron disolver la pareja, decidieron ir m\u00e1s all\u00e1.<\/p>\n\n\n\n<p>Cronol\u00f3gicamente, Bogado dijo que no hay dudas de que Cecilia fue enga\u00f1ada con un falso viaje como primer paso para concretar su desaparici\u00f3n. Que fue llevada a la vivienda familiar de la calle Santa Mar\u00eda de Oro 1460, un escenario que hab\u00eda sido liberado por Emerenciano y Marcela para que C\u00e9sar la asesinara.<\/p>\n\n\n\n<p>Despu\u00e9s, en lo que denomin\u00f3 \u201cla segunda parte del plan\u201d, intervienen Obreg\u00f3n y Gonz\u00e1lez, siguiendo instrucciones directas de Marcela, para eliminar el cad\u00e1ver.<\/p>\n\n\n\n<p>En este tramo record\u00f3 la serie de mensajes que intercambi\u00f3 Marcela con ellos, en los que les habla de lo \u201craro\u201d que hab\u00eda visto a C\u00e9sar y sus sospechas de que \u201cpas\u00f3 algo grave con \u00e9l\u201d. Y les pide \u201cque Emerenciano no se entere\u201d.<\/p>\n\n\n\n<p>Para los fiscales, es improbable que Emerenciano ignorara lo que ocurr\u00eda en su propia casa en ese momento. Y contrastaron esa versi\u00f3n con mensajes que intercambiaron el mismo Emerenciano con Obreg\u00f3n, que era su mano derecha, en el que se refieren a C\u00e9sar en los mismos t\u00e9rminos.<\/p>\n\n\n\n<p>Para ellos, el hecho de que todos los involucrados continuaran con sus actividades programadas es parte de la coartada para ocultar el plan.<\/p>\n\n\n\n<p>As\u00ed, el atardecer de ese mismo d\u00eda, mientras Gonz\u00e1lez limpiaba la escena del crimen, Obreg\u00f3n espera que C\u00e9sar regresara de una actividad pol\u00edtica en Colonia Elisa, para llevar el cuerpo de Cecilia a la chancher\u00eda de Campo Rossi para incinerarlo. Que para eso compraron combustible y cargaron varias bolsas de basura.<\/p>\n\n\n\n<p>Ah\u00ed encendieron una hoguera para calcinar el cad\u00e1ver y abandonaron el lugar encarg\u00e1ndole a los puesteros: Melgarejo y Reynoso, que mantuvieran el fuego vivo para asegurar su completa reducci\u00f3n a cenizas, que fue lo que finalmente ocurri\u00f3.<\/p>\n\n\n\n<p>Los pericias determinaron que el estado en que quedaron los trozos de restos \u00f3seos rescatados hab\u00edan sido expuestos durante varias horas a m\u00e1s de 800\u00b0C, y que esto no habr\u00eda sido posible si no era avivado permanentemente.<\/p>\n\n\n\n<p>De este modo contradijeron la versi\u00f3n de estos que dijeron que reci\u00e9n se hab\u00edan enterado de la fogata varios d\u00edas despu\u00e9s, cuando C\u00e9sar y Obreg\u00f3n volvieron con bolsas para cargar las cenizas y arrojarlas en el r\u00edo Tragadero.<\/p>\n\n\n\n<p>Todos culpables<\/p>\n\n\n\n<p>Por esto, consideraron que los 7 imputados deben ser considerados por el jurado como culpables de los cargos que se le imputan, esto implica una condena a prisi\u00f3n perpetua para C\u00e9sar, Emerenciano y Marcela, y una pena de hasta 6 a\u00f1os para sus 4 colaboradores.<\/p>\n\n\n\n<p>En el mismo sentido se expresaron el abogado Gustavo Briend, que representa a la familia de Cecilia, y el abogado Juan D\u00edaz, querellante en representaci\u00f3n de la Subsecretar\u00eda de G\u00e9nero y Diversidad de la Provincia.<\/p>\n\n\n\n<p>En los 3 casos se hizo especial hincapi\u00e9 en un plan perge\u00f1ado para eliminar a Cecilia, en el que los roles fueron asignados aplicando la escala jer\u00e1rquica impresa tanto en el \u00e1mbito familiar como en el movimiento pol\u00edtico que integran los imputados.<\/p>\n\n\n\n<p>Dijeron estar convencidos de que nadie pod\u00eda tomar una decisi\u00f3n final sin la venia de Emerenciano Que Marcela ocupaba el segundo orden de prelaci\u00f3n, y que Obreg\u00f3n segu\u00eda \u00f3rdenes de Emerenciano, al que llamaba \u201cjefe\u201d, y Fabiana recib\u00eda instrucciones de Marcela, que ejecutab al pie de la letra.<\/p>\n","protected":false},"excerpt":{"rendered":"<p>El juicio por jurado por el femicidio de Cecilia Stzyzowski, perpetrado el 2 de junio de 2023, transit\u00f3 este jueves su instancia de alegatos finales. La causa tiene a C\u00e9sar Sena imputado de autor, y a sus padres, los dirigentes sociales Emerenciano Sena y Marcela Acu\u00f1a, como part\u00edcipes primarios. Adem\u00e1s las 2 parejas de colaboradores [&hellip;]<\/p>\n","protected":false},"author":1,"featured_media":12761,"comment_status":"open","ping_status":"open","sticky":false,"template":"","format":"standard","meta":{"footnotes":""},"categories":[26],"tags":[5400,1813,1812,1825,2012,87,793,5399,1787,2023,798],"class_list":["post-12760","post","type-post","status-publish","format-standard","has-post-thumbnail","hentry","category-policiales","tag-alegados","tag-cecilia","tag-cesar","tag-chancheria","tag-clan","tag-crimen","tag-emerenciano","tag-femicicio","tag-marcela","tag-querella","tag-sena"],"_links":{"self":[{"href":"https:\/\/hdpnoticias.com.ar\/index.php?rest_route=\/wp\/v2\/posts\/12760","targetHints":{"allow":["GET"]}}],"collection":[{"href":"https:\/\/hdpnoticias.com.ar\/index.php?rest_route=\/wp\/v2\/posts"}],"about":[{"href":"https:\/\/hdpnoticias.com.ar\/index.php?rest_route=\/wp\/v2\/types\/post"}],"author":[{"embeddable":true,"href":"https:\/\/hdpnoticias.com.ar\/index.php?rest_route=\/wp\/v2\/users\/1"}],"replies":[{"embeddable":true,"href":"https:\/\/hdpnoticias.com.ar\/index.php?rest_route=%2Fwp%2Fv2%2Fcomments&post=12760"}],"version-history":[{"count":3,"href":"https:\/\/hdpnoticias.com.ar\/index.php?rest_route=\/wp\/v2\/posts\/12760\/revisions"}],"predecessor-version":[{"id":12765,"href":"https:\/\/hdpnoticias.com.ar\/index.php?rest_route=\/wp\/v2\/posts\/12760\/revisions\/12765"}],"wp:featuredmedia":[{"embeddable":true,"href":"https:\/\/hdpnoticias.com.ar\/index.php?rest_route=\/wp\/v2\/media\/12761"}],"wp:attachment":[{"href":"https:\/\/hdpnoticias.com.ar\/index.php?rest_route=%2Fwp%2Fv2%2Fmedia&parent=12760"}],"wp:term":[{"taxonomy":"category","embeddable":true,"href":"https:\/\/hdpnoticias.com.ar\/index.php?rest_route=%2Fwp%2Fv2%2Fcategories&post=12760"},{"taxonomy":"post_tag","embeddable":true,"href":"https:\/\/hdpnoticias.com.ar\/index.php?rest_route=%2Fwp%2Fv2%2Ftags&post=12760"}],"curies":[{"name":"wp","href":"https:\/\/api.w.org\/{rel}","templated":true}]}}