{"id":12730,"date":"2025-11-11T22:29:45","date_gmt":"2025-11-12T01:29:45","guid":{"rendered":"https:\/\/hdpnoticias.com.ar\/?p=12730"},"modified":"2025-11-12T08:27:39","modified_gmt":"2025-11-12T11:27:39","slug":"caso-cecilia-emerenciano-dijo-que-no-sabia-que-habia-una-muerta-en-su-casa","status":"publish","type":"post","link":"https:\/\/hdpnoticias.com.ar\/?p=12730","title":{"rendered":"Caso Cecilia: Emerenciano jur\u00f3 que ignoraba que hab\u00eda \u201cuna muerta\u201d en su casa"},"content":{"rendered":"\n<figure class=\"wp-block-image size-full\"><img loading=\"lazy\" decoding=\"async\" width=\"728\" height=\"90\" src=\"http:\/\/hdpnoticias.com.ar\/wp-content\/uploads\/2024\/05\/Nachec.gif\" alt=\"\" class=\"wp-image-6814\"\/><\/figure>\n\n\n\n<p>Este martes sigui\u00f3 la ronda de testigos propuestos por los defensores del Clan Sena en el juicio por jurado que enfrentan por el femicidio de Cecilia Strzyzowski, que tiene a C\u00e9sar Sena imputado de autor y a sus padres: los dirigentes sociales Emerenciano Sena y Marcela Acu\u00f1a, como part\u00edcipes primarios, adem\u00e1s de 4 colaboradores acusados de encubrimiento: Gustavo Obreg\u00f3n, Fabiana Gonz\u00e1lez, Gustavo Melgarejo y Griselda Reynoso.<br>Todos coincidieron en describir a los imputados como buenas personas, principalmente a Emerenciano, en menor medida a Marcela y sobre C\u00e9sar pr\u00e1cticamente no hicieron referencia.<br>Una de las convocadas fue Marcelina Sena, hermana de Emerenciano, que record\u00f3 que el 2 de junio, el d\u00eda que, de acuerdo a la imputaci\u00f3n, ocurri\u00f3 el crimen, compartieron una serie de actividades en su casa de Barranqueras en el marco de la campa\u00f1a proselitista del Frente Chaque\u00f1o.<br>Al final de la jornada compartieron la cena con una veintena de personas. El \u201cguisito militante\u201d que se conoci\u00f3 a trav\u00e9s de las redes sociales, al que asistieron Marcela, Emerenciano, C\u00e9sar y Obreg\u00f3n. Estos 2 \u00faltimos, seg\u00fan Marcelina, llegaron despu\u00e9s de las 21.<br>A esa hora, seg\u00fan la fiscal\u00eda, regresaron de la chancher\u00eda de Campo Rossi despu\u00e9s d eprender fuego el cad\u00e1ver de Cecilia.<br>Marcelina volvi\u00f3 a reunirse con su hermano el lunes siguiente, cuando ya se sab\u00eda que Cecilia estaba desaparecida, pero no record\u00f3 que hablaran del tema. El siguiente contacto ya fue en la comisar\u00eda tras su detenci\u00f3n.<br>Ah\u00ed, dijo que Emerenciano le jur\u00f3 por Dios que no sab\u00eda que \u201chab\u00eda una muerta\u201d en su casa, que sab\u00eda que Cecilia estaba desaparecida y que reci\u00e9n tom\u00f3 dimensi\u00f3n de la desaparici\u00f3n cuando allanaron su vivienda y lo llevaron esposado a la comisar\u00eda.<br>No obstante, dijo que cre\u00eda que lo llevaban a declarar y que eso ser\u00eda todo. Pero que ah\u00ed se enter\u00f3 de la hip\u00f3tesis de que Cecilia hab\u00eda sido asesinada en su propia casa.<br>En el mismo sentido declar\u00f3 Alicia Pelizardi, la encargada de la cocina de la Escuela del barrio, que en los primeros d\u00edas de detenci\u00f3n era quien llevaba alimentos a Emerenciano, Marcela y C\u00e9sar, a su lugar de detenci\u00f3n.<\/p>\n\n\n\n<p><strong>Como el cornudo<\/strong><\/p>\n\n\n\n<p>&#8220;Como el cornudo, se enteraba \u00faltimo&#8221;, grafi\u00f3 el abogado Ricardo Osuna, defensor de Emerenciano Sena, sobre toda slas cuestiones que \u00e9ste, supuestamente, ignoraba. Entre otras cosas, &#8220;se enter\u00f3 del casamiento en la comisar\u00eda&#8221;, dijo, sobre la boda de C\u00e9sar y Cecilia en septiembre de 2022 y el divorcio 4 d\u00edas despu\u00e9s, asegurando que todo hab\u00eda ocurrido a sus espaldas. <\/p>\n\n\n\n<p><strong>En primera persona<\/strong><\/p>\n\n\n\n<p>El juicio por jurado transita sus instancias finales. Resta el paso de 2 testigos convocados por la defensa, y despu\u00e9s se cree que har\u00e1n uso de la palabra los imputados, entre ellos el mismo Emerenciano, que expondr\u00e1 &#8220;su verdad, que \u00e9l no tiene nada que ver con lo que se lo acusa&#8221;, seg\u00fan Osuna. <\/p>\n\n\n\n<p><strong>Un gay en la familia<\/strong><\/p>\n\n\n\n<p>Otro de los secretos dentro de la familia Sena era la condici\u00f3n sexual de C\u00e9sar. Seg\u00fan confi\u00f3 a la prensa su t\u00eda Patricia, hermana de Marcela, &#8220;C\u00e9sar es gay, esto hay que decirlo&#8221;, y agreg\u00f3 que la informaci\u00f3n le fue negada a Emerenciano porque &#8220;es muy machista&#8221; y no lo tolerar\u00eda.<\/p>\n\n\n\n<p><\/p>\n\n\n\n<p><\/p>\n\n\n\n<p><\/p>\n","protected":false},"excerpt":{"rendered":"<p>Este martes sigui\u00f3 la ronda de testigos propuestos por los defensores del Clan Sena en el juicio por jurado que enfrentan por el femicidio de Cecilia Strzyzowski, que tiene a C\u00e9sar Sena imputado de autor y a sus padres: los dirigentes sociales Emerenciano Sena y Marcela Acu\u00f1a, como part\u00edcipes primarios, adem\u00e1s de 4 colaboradores acusados [&hellip;]<\/p>\n","protected":false},"author":1,"featured_media":12731,"comment_status":"open","ping_status":"open","sticky":false,"template":"","format":"standard","meta":{"footnotes":""},"categories":[26],"tags":[53,1813,1812,2182,87,358,793,409,1052,1787,2496,49],"class_list":["post-12730","post","type-post","status-publish","format-standard","has-post-thumbnail","hentry","category-policiales","tag-barranqueras","tag-cecilia","tag-cesar","tag-clan-sena","tag-crimen","tag-desaparecida","tag-emerenciano","tag-femicidio","tag-frente-chaqueno","tag-marcela","tag-muerta","tag-resistencia"],"_links":{"self":[{"href":"https:\/\/hdpnoticias.com.ar\/index.php?rest_route=\/wp\/v2\/posts\/12730","targetHints":{"allow":["GET"]}}],"collection":[{"href":"https:\/\/hdpnoticias.com.ar\/index.php?rest_route=\/wp\/v2\/posts"}],"about":[{"href":"https:\/\/hdpnoticias.com.ar\/index.php?rest_route=\/wp\/v2\/types\/post"}],"author":[{"embeddable":true,"href":"https:\/\/hdpnoticias.com.ar\/index.php?rest_route=\/wp\/v2\/users\/1"}],"replies":[{"embeddable":true,"href":"https:\/\/hdpnoticias.com.ar\/index.php?rest_route=%2Fwp%2Fv2%2Fcomments&post=12730"}],"version-history":[{"count":5,"href":"https:\/\/hdpnoticias.com.ar\/index.php?rest_route=\/wp\/v2\/posts\/12730\/revisions"}],"predecessor-version":[{"id":12739,"href":"https:\/\/hdpnoticias.com.ar\/index.php?rest_route=\/wp\/v2\/posts\/12730\/revisions\/12739"}],"wp:featuredmedia":[{"embeddable":true,"href":"https:\/\/hdpnoticias.com.ar\/index.php?rest_route=\/wp\/v2\/media\/12731"}],"wp:attachment":[{"href":"https:\/\/hdpnoticias.com.ar\/index.php?rest_route=%2Fwp%2Fv2%2Fmedia&parent=12730"}],"wp:term":[{"taxonomy":"category","embeddable":true,"href":"https:\/\/hdpnoticias.com.ar\/index.php?rest_route=%2Fwp%2Fv2%2Fcategories&post=12730"},{"taxonomy":"post_tag","embeddable":true,"href":"https:\/\/hdpnoticias.com.ar\/index.php?rest_route=%2Fwp%2Fv2%2Ftags&post=12730"}],"curies":[{"name":"wp","href":"https:\/\/api.w.org\/{rel}","templated":true}]}}