{"id":12713,"date":"2025-11-09T08:36:39","date_gmt":"2025-11-09T11:36:39","guid":{"rendered":"https:\/\/hdpnoticias.com.ar\/?p=12713"},"modified":"2025-11-09T08:36:39","modified_gmt":"2025-11-09T11:36:39","slug":"irina-marinoff-es-la-nueva-reina-nacional-del-algodon","status":"publish","type":"post","link":"https:\/\/hdpnoticias.com.ar\/?p=12713","title":{"rendered":"Irina Marinoff es la nueva Reina Nacional del algod\u00f3n"},"content":{"rendered":"\n<figure class=\"wp-block-image size-full\"><img loading=\"lazy\" decoding=\"async\" width=\"728\" height=\"90\" src=\"http:\/\/hdpnoticias.com.ar\/wp-content\/uploads\/2024\/05\/Nachec.gif\" alt=\"\" class=\"wp-image-6814\"\/><\/figure>\n\n\n\n<p>Este fin de semana se celebra en Presidencia Roque S\u00e1enz Pe\u00f1a la 32 Fiesta Nacional del Algod\u00f3n, que cada a\u00f1o re\u00fane a los actores de este sector productivo, empresarios, comerciantes y emprendedores en una gran muestra durante 3 jornadas.<\/p>\n\n\n\n<p>Las actividades son acompa\u00f1adas por una larga grilla de espect\u00e1culos musicales que incluye a artistas locales y de trascendencia nacional. El viernes el cierre fue un show del chaque\u00f1o Pico Frank, el s\u00e1bado fue el turno de Soledad y este domingo la FNA se clausura con El Mago y la Nueva.<\/p>\n\n\n\n<p>La velada del s\u00e1bado gir\u00f3 en torno a la elecci\u00f3n de la Reina en un particular desfile en el que, desde el escenario, las postulantes pudieron presentarse personalmente ante el p\u00fablico y exponer su inter\u00e9s en asumir el desaf\u00edo de representar a la Fiesta durante un a\u00f1o.<\/p>\n\n\n\n<p>Finalmente fue coronada Reina Nacional del Algod\u00f3n Irina Marinoff, de 23 a\u00f1os, estudiante de Medicina y bailarina folcl\u00f3rica.<\/p>\n\n\n\n<p>Brenda Naiara Ver\u00f3n Ferrau, de Fontana, fue consagrada primera princesa; y segunda princesa Iara Soledad Anrique, de Tres Isletas.<\/p>\n","protected":false},"excerpt":{"rendered":"<p>Este fin de semana se celebra en Presidencia Roque S\u00e1enz Pe\u00f1a la 32 Fiesta Nacional del Algod\u00f3n, que cada a\u00f1o re\u00fane a los actores de este sector productivo, empresarios, comerciantes y emprendedores en una gran muestra durante 3 jornadas. Las actividades son acompa\u00f1adas por una larga grilla de espect\u00e1culos musicales que incluye a artistas locales [&hellip;]<\/p>\n","protected":false},"author":1,"featured_media":12715,"comment_status":"open","ping_status":"open","sticky":false,"template":"","format":"standard","meta":{"footnotes":""},"categories":[28,6],"tags":[37,5394,4309,4326,95],"class_list":["post-12713","post","type-post","status-publish","format-standard","has-post-thumbnail","hentry","category-cultura","category-info-general","tag-chaco","tag-fiesta-nacional-del-algodon","tag-fna","tag-reina","tag-saenz-pena"],"_links":{"self":[{"href":"https:\/\/hdpnoticias.com.ar\/index.php?rest_route=\/wp\/v2\/posts\/12713","targetHints":{"allow":["GET"]}}],"collection":[{"href":"https:\/\/hdpnoticias.com.ar\/index.php?rest_route=\/wp\/v2\/posts"}],"about":[{"href":"https:\/\/hdpnoticias.com.ar\/index.php?rest_route=\/wp\/v2\/types\/post"}],"author":[{"embeddable":true,"href":"https:\/\/hdpnoticias.com.ar\/index.php?rest_route=\/wp\/v2\/users\/1"}],"replies":[{"embeddable":true,"href":"https:\/\/hdpnoticias.com.ar\/index.php?rest_route=%2Fwp%2Fv2%2Fcomments&post=12713"}],"version-history":[{"count":1,"href":"https:\/\/hdpnoticias.com.ar\/index.php?rest_route=\/wp\/v2\/posts\/12713\/revisions"}],"predecessor-version":[{"id":12716,"href":"https:\/\/hdpnoticias.com.ar\/index.php?rest_route=\/wp\/v2\/posts\/12713\/revisions\/12716"}],"wp:featuredmedia":[{"embeddable":true,"href":"https:\/\/hdpnoticias.com.ar\/index.php?rest_route=\/wp\/v2\/media\/12715"}],"wp:attachment":[{"href":"https:\/\/hdpnoticias.com.ar\/index.php?rest_route=%2Fwp%2Fv2%2Fmedia&parent=12713"}],"wp:term":[{"taxonomy":"category","embeddable":true,"href":"https:\/\/hdpnoticias.com.ar\/index.php?rest_route=%2Fwp%2Fv2%2Fcategories&post=12713"},{"taxonomy":"post_tag","embeddable":true,"href":"https:\/\/hdpnoticias.com.ar\/index.php?rest_route=%2Fwp%2Fv2%2Ftags&post=12713"}],"curies":[{"name":"wp","href":"https:\/\/api.w.org\/{rel}","templated":true}]}}