{"id":12697,"date":"2025-11-07T16:01:06","date_gmt":"2025-11-07T19:01:06","guid":{"rendered":"https:\/\/hdpnoticias.com.ar\/?p=12697"},"modified":"2025-11-07T16:01:07","modified_gmt":"2025-11-07T19:01:07","slug":"marcela-queria-ayuda-de-coqui-para-frenar-el-allanamiento-y-las-detenciones","status":"publish","type":"post","link":"https:\/\/hdpnoticias.com.ar\/?p=12697","title":{"rendered":"Marcela quer\u00eda ayuda de Coqui para frenar el allanamiento y las detenciones"},"content":{"rendered":"\n<figure class=\"wp-block-image size-full\"><img loading=\"lazy\" decoding=\"async\" width=\"728\" height=\"90\" src=\"http:\/\/hdpnoticias.com.ar\/wp-content\/uploads\/2024\/05\/Nachec.gif\" alt=\"\" class=\"wp-image-6814\"\/><\/figure>\n\n\n\n<p>Este viernes se celebr\u00f3 la novena jornada del juicio por jurado que enfrenta el Clan Sena por el femicidio de Cecilia Strzyzowski, que tiene como principal imputado a C\u00e9sar Sena, que fuera pareja de la v\u00edctima, y a sus padres: los dirigentes sociales Emerenciano Sena y Marcela Acu\u00f1a, como part\u00edcipes primarios, m\u00e1s 4 colaboradores de la familia: Gustavo Obreg\u00f3n, Fabiana Gonz\u00e1lez, Gustavo Melgarejo y Griselda Reynoso, como encubridores.<\/p>\n\n\n\n<p>La tarde del jueves la audiencia pas\u00f3 a cuarto intermedio para resolver el planteo de la defensa de C\u00e9sar, que objetara la exposici\u00f3n de un video captado el 8 de junio de 2023, cuando se present\u00f3 espont\u00e1neamente junto a su madre para aportar informaci\u00f3n en el marco de la b\u00fasqueda de Cecilia e intentar despegarse del caso.<\/p>\n\n\n\n<p>Al retomar la continuidad, la jueza t\u00e9cnica Dolly Fen\u00e1ndez, rechaz\u00f3 el planteo y pudieron verse los videos.<\/p>\n\n\n\n<p>Despu\u00e9s fue el turno de exponer otras pruebas fundamentales: los intercambios de mensajes ente los imputados el 2 de junio, cuando se cree que Cecilia fue asesinada en la casa de la familia Sena, en la calle Santa Mar\u00eda de Oro, y los d\u00edas siguientes.<\/p>\n\n\n\n<p>Entre estos, se conoci\u00f3 el chat que mantuvieron Marcela Acu\u00f1a y su mano derecha: Fabiana Gonz\u00e1lez el 9 de junio, cuando al regresar a su casa la sorprendi\u00f3 un allanamiento en medio de un gran despliegue policial que le impidi\u00f3 llegar.<\/p>\n\n\n\n<p>Ese d\u00eda, desde la esquina, donde se mostr\u00f3 notoriamente nerviosa, Marcela se puso en contacto con Fabiana, que ya estaba al tanto de la situaci\u00f3n, ya que el tema se hab\u00eda difundido a trav\u00e9s de las redes sociales y ya se daba a Emerenciano como detenido.<\/p>\n\n\n\n<p>\u201cMandale esto a Coqui: Soy Marcela Acu\u00f1a, est\u00e1 allanada la cuadra de mi casa, no puedo pasar. Nadie informa nada\u201d, le instruy\u00f3, y sigui\u00f3: \u201cPreguntale si puedo hablar con los jefes. Emerenciano est\u00e1 adentro\u201d. &nbsp;\u201cAvisale a Coqui que lo tienen a Eme adentro. Lo tienen secuestrado no me dejan acercarme\u201d, complet\u00f3.<\/p>\n\n\n\n<p>Del otro lado, Fabiana respondi\u00f3: \u201cNo me contesta\u201d. Pero Marcela insisti\u00f3: \u201cMandale mensaje y ven\u00ed\u201d.<\/p>\n\n\n\n<p>El operativo termin\u00f3 con ella y Emerrenciano presos y con un pedido de captura internacional para C\u00e9sar, que se entreg\u00f3 al d\u00eda siguiente.<\/p>\n\n\n\n<p><a href=\"https:\/\/hdpnoticias.com.ar\/?p=2568\"><strong>El operativo termin\u00f3 con ella y Emerenciano presos<\/strong><\/a> y con un pedido de captura internacional para <strong><a href=\"https:\/\/hdpnoticias.com.ar\/?p=2575\">C\u00e9sar, que se entreg\u00f3 el d\u00eda siguiente<\/a><\/strong>.<\/p>\n\n\n\n<p><strong>El tal Coqui<\/strong><\/p>\n\n\n\n<p>Aunque no hubo expresiones que permitan identificar fehacientemente al tal Coqui, todos observan suspicazmente la coincidencia con el apelativo con el entonces gobernador Jorge Capitanich, hoy diputado provincial electo y senador electo.<\/p>\n\n\n\n<p>No se descarta que haya intentado solicitar su intermediaci\u00f3n, teniendo en cuenta la estrecha relaci\u00f3n personal que manten\u00edan con \u00e9l, padrino de su boda, adem\u00e1s del v\u00ednculo pol\u00edtico que los un\u00eda en aquel momento, a una semana de las Paso, en la que Emerenciano encabezaba la lista de candidatos a diputados provinciales y Marcela era candidata a intendente de Resistencia, con Capitanich y Anal\u00eda Rach Quiroga como candidatos a gobernador y vice, respectivamente, en una de las opciones de la alianza oficialista Frente Chaque\u00f1o.<\/p>\n","protected":false},"excerpt":{"rendered":"<p>Este viernes se celebr\u00f3 la novena jornada del juicio por jurado que enfrenta el Clan Sena por el femicidio de Cecilia Strzyzowski, que tiene como principal imputado a C\u00e9sar Sena, que fuera pareja de la v\u00edctima, y a sus padres: los dirigentes sociales Emerenciano Sena y Marcela Acu\u00f1a, como part\u00edcipes primarios, m\u00e1s 4 colaboradores de [&hellip;]<\/p>\n","protected":false},"author":1,"featured_media":12698,"comment_status":"open","ping_status":"open","sticky":false,"template":"","format":"standard","meta":{"footnotes":""},"categories":[26,27],"tags":[29,1813,1812,2182,1875,682,793,409,1052,244,1787,1399],"class_list":["post-12697","post","type-post","status-publish","format-standard","has-post-thumbnail","hentry","category-policiales","category-politica","tag-capitanich","tag-cecilia","tag-cesar","tag-clan-sena","tag-coqui","tag-diputado","tag-emerenciano","tag-femicidio","tag-frente-chaqueno","tag-gobernador","tag-marcela","tag-senador"],"_links":{"self":[{"href":"https:\/\/hdpnoticias.com.ar\/index.php?rest_route=\/wp\/v2\/posts\/12697","targetHints":{"allow":["GET"]}}],"collection":[{"href":"https:\/\/hdpnoticias.com.ar\/index.php?rest_route=\/wp\/v2\/posts"}],"about":[{"href":"https:\/\/hdpnoticias.com.ar\/index.php?rest_route=\/wp\/v2\/types\/post"}],"author":[{"embeddable":true,"href":"https:\/\/hdpnoticias.com.ar\/index.php?rest_route=\/wp\/v2\/users\/1"}],"replies":[{"embeddable":true,"href":"https:\/\/hdpnoticias.com.ar\/index.php?rest_route=%2Fwp%2Fv2%2Fcomments&post=12697"}],"version-history":[{"count":1,"href":"https:\/\/hdpnoticias.com.ar\/index.php?rest_route=\/wp\/v2\/posts\/12697\/revisions"}],"predecessor-version":[{"id":12699,"href":"https:\/\/hdpnoticias.com.ar\/index.php?rest_route=\/wp\/v2\/posts\/12697\/revisions\/12699"}],"wp:featuredmedia":[{"embeddable":true,"href":"https:\/\/hdpnoticias.com.ar\/index.php?rest_route=\/wp\/v2\/media\/12698"}],"wp:attachment":[{"href":"https:\/\/hdpnoticias.com.ar\/index.php?rest_route=%2Fwp%2Fv2%2Fmedia&parent=12697"}],"wp:term":[{"taxonomy":"category","embeddable":true,"href":"https:\/\/hdpnoticias.com.ar\/index.php?rest_route=%2Fwp%2Fv2%2Fcategories&post=12697"},{"taxonomy":"post_tag","embeddable":true,"href":"https:\/\/hdpnoticias.com.ar\/index.php?rest_route=%2Fwp%2Fv2%2Ftags&post=12697"}],"curies":[{"name":"wp","href":"https:\/\/api.w.org\/{rel}","templated":true}]}}