{"id":12689,"date":"2025-11-06T20:18:51","date_gmt":"2025-11-06T23:18:51","guid":{"rendered":"https:\/\/hdpnoticias.com.ar\/?p=12689"},"modified":"2025-11-06T21:30:34","modified_gmt":"2025-11-07T00:30:34","slug":"caso-cecilia-intentaron-quemar-todo-para-no-dejar-pruebas","status":"publish","type":"post","link":"https:\/\/hdpnoticias.com.ar\/?p=12689","title":{"rendered":"Caso Cecilia: intentaron quemar todo para no dejar pruebas"},"content":{"rendered":"\n<figure class=\"wp-block-image size-full\"><img loading=\"lazy\" decoding=\"async\" width=\"728\" height=\"90\" src=\"http:\/\/hdpnoticias.com.ar\/wp-content\/uploads\/2024\/05\/Nachec.gif\" alt=\"\" class=\"wp-image-6814\"\/><\/figure>\n\n\n\n<p>En otra instancia del juicio por jurado que enfrenta el Clan Sena por el femicidio de Cecilia Strzyzowski se ventilaron en la audiencia de este jueves secuencias de la reducci\u00f3n del cad\u00e1ver y sus pertenencias.<\/p>\n\n\n\n<p>C\u00e9sar Sena est\u00e1 acusado de autor, y sus padres: los dirigentes sociales Emerenciano Sena y Marcela Acu\u00f1a de part\u00edcipes necesarios. Adem\u00e1s est\u00e1n imputados de encubrimiento la pareja encargada del cuidado de la chancher\u00eda: Griselda Reynoso y Gustavo Melgarejo, y los m\u00e1s estrechos colaboradores de la familia: Gustavo Obreg\u00f3n y Fabiana Gonz\u00e1lez.<\/p>\n\n\n\n<p>Los fiscales creen probado que Cecilia fue incinerada en la chancher\u00eda y que, adem\u00e1s, todas sus pertenencias fueron quemadas en distintos puntos, con el prop\u00f3sito de eliminarla completamente y no dejar rastros del crimen.<\/p>\n\n\n\n<p>Buena parte de la reconstrucci\u00f3n expuesta este jueves en el juicio, fue posible a partir de la versi\u00f3n que diera Obreg\u00f3n pocos d\u00edas despu\u00e9s del crimen, que abarc\u00f3 lo ocurrido ese 2 de junio de 2023 y d\u00edas posteriores.<\/p>\n\n\n\n<p>Efectivos policiales que participaron del rastrillaje en Campo Rossi describieron la fogata que lograron recuperar de entre las cenizas restos \u00f3seos presumiblemente humanos, incluso fragmento de un cr\u00e1neo.<\/p>\n\n\n\n<p>Un dije y un anillo que Cecilia utilizaba permanentemente fueron encontrados en el mismo lugar, con evidencias de haber estado expuesto tambi\u00e9n a altas temperaturas. <\/p>\n\n\n\n<p>El fuego tambi\u00e9n fue utilizado en la vivienda de la familia Sena, donde habr\u00eda ocurrido el crimen. Ah\u00ed estaban los restos carbonizados de una billetera que a\u00fan conservaba una tarjeta Sube a su nombre.<\/p>\n\n\n\n<p>La valija que Cecilia hab\u00eda preparado para viajar a Ushuaia con C\u00e9sar tambi\u00e9n fue incinerada. La encontraron en un descampado del barrio Emerrenciano junto a restos de 2 tel\u00e9fonos celulares: el de Cecilia y otro registrado por Marcela Acu\u00f1a que se supone era utilizado por C\u00e9sar. <\/p>\n\n\n\n<p><strong>Disuelta en el Tragadero<\/strong><\/p>\n\n\n\n<p>Entre los datos m\u00e1s escabrosos del encubrimiento, se supo, a partir de la confesi\u00f3n de Obreg\u00f3n, que despu\u00e9s de recoger las cenizas en bolsas de residuos, las descartaron en el r\u00edo Tragadero, donde C\u00e9sar agitaba el agua con una rama para asegurarse su disoluci\u00f3n.<\/p>\n\n\n\n<p>Esto hab\u00eda generado, en el inicio de la investigaci\u00f3n, la necesidad de improvisar diques en el curso de agua para desagotar el lugar indicado con la expectativa de encontrar restos que permitan obtener ADN.<\/p>\n","protected":false},"excerpt":{"rendered":"<p>En otra instancia del juicio por jurado que enfrenta el Clan Sena por el femicidio de Cecilia Strzyzowski se ventilaron en la audiencia de este jueves secuencias de la reducci\u00f3n del cad\u00e1ver y sus pertenencias. C\u00e9sar Sena est\u00e1 acusado de autor, y sus padres: los dirigentes sociales Emerenciano Sena y Marcela Acu\u00f1a de part\u00edcipes necesarios. [&hellip;]<\/p>\n","protected":false},"author":1,"featured_media":2800,"comment_status":"open","ping_status":"open","sticky":false,"template":"","format":"standard","meta":{"footnotes":""},"categories":[26],"tags":[596,275,1813,5388,1812,87,793,409,1787],"class_list":["post-12689","post","type-post","status-publish","format-standard","has-post-thumbnail","hentry","category-policiales","tag-adn","tag-asesinato","tag-cecilia","tag-cenizas","tag-cesar","tag-crimen","tag-emerenciano","tag-femicidio","tag-marcela"],"_links":{"self":[{"href":"https:\/\/hdpnoticias.com.ar\/index.php?rest_route=\/wp\/v2\/posts\/12689","targetHints":{"allow":["GET"]}}],"collection":[{"href":"https:\/\/hdpnoticias.com.ar\/index.php?rest_route=\/wp\/v2\/posts"}],"about":[{"href":"https:\/\/hdpnoticias.com.ar\/index.php?rest_route=\/wp\/v2\/types\/post"}],"author":[{"embeddable":true,"href":"https:\/\/hdpnoticias.com.ar\/index.php?rest_route=\/wp\/v2\/users\/1"}],"replies":[{"embeddable":true,"href":"https:\/\/hdpnoticias.com.ar\/index.php?rest_route=%2Fwp%2Fv2%2Fcomments&post=12689"}],"version-history":[{"count":2,"href":"https:\/\/hdpnoticias.com.ar\/index.php?rest_route=\/wp\/v2\/posts\/12689\/revisions"}],"predecessor-version":[{"id":12696,"href":"https:\/\/hdpnoticias.com.ar\/index.php?rest_route=\/wp\/v2\/posts\/12689\/revisions\/12696"}],"wp:featuredmedia":[{"embeddable":true,"href":"https:\/\/hdpnoticias.com.ar\/index.php?rest_route=\/wp\/v2\/media\/2800"}],"wp:attachment":[{"href":"https:\/\/hdpnoticias.com.ar\/index.php?rest_route=%2Fwp%2Fv2%2Fmedia&parent=12689"}],"wp:term":[{"taxonomy":"category","embeddable":true,"href":"https:\/\/hdpnoticias.com.ar\/index.php?rest_route=%2Fwp%2Fv2%2Fcategories&post=12689"},{"taxonomy":"post_tag","embeddable":true,"href":"https:\/\/hdpnoticias.com.ar\/index.php?rest_route=%2Fwp%2Fv2%2Ftags&post=12689"}],"curies":[{"name":"wp","href":"https:\/\/api.w.org\/{rel}","templated":true}]}}